{"id":598,"date":"2025-05-22T07:21:51","date_gmt":"2025-05-22T05:21:51","guid":{"rendered":"https:\/\/www.fwb-borchen.de\/?p=598"},"modified":"2025-05-22T07:41:12","modified_gmt":"2025-05-22T05:41:12","slug":"interkommunales-gewerbegebiet-borchen-alfen-auswirkungen-geringfuegig-halten","status":"publish","type":"post","link":"https:\/\/www.fwb-borchen.de\/?p=598","title":{"rendered":"Interkommunales Gewerbegebiet Borchen Alfen &#8211; Auswirkungen geringf\u00fcgig halten"},"content":{"rendered":"\n<figure class=\"wp-block-image size-large\"><img data-recalc-dims=\"1\" loading=\"lazy\" decoding=\"async\" width=\"910\" height=\"683\" src=\"https:\/\/i0.wp.com\/www.fwb-borchen.de\/wp-content\/uploads\/2025\/05\/IMG_20250522_0652072.jpg?resize=910%2C683&#038;ssl=1\" alt=\"Kritik an der Zufahrt zum interkommunalen Gewerbegebiet Borchen Alfen der Freien W\u00e4hlergemeinschaft Borchen FWB e. V.\" class=\"wp-image-596\" srcset=\"https:\/\/i0.wp.com\/www.fwb-borchen.de\/wp-content\/uploads\/2025\/05\/IMG_20250522_0652072.jpg?resize=1024%2C768&amp;ssl=1 1024w, https:\/\/i0.wp.com\/www.fwb-borchen.de\/wp-content\/uploads\/2025\/05\/IMG_20250522_0652072.jpg?resize=300%2C225&amp;ssl=1 300w, https:\/\/i0.wp.com\/www.fwb-borchen.de\/wp-content\/uploads\/2025\/05\/IMG_20250522_0652072.jpg?resize=768%2C576&amp;ssl=1 768w, https:\/\/i0.wp.com\/www.fwb-borchen.de\/wp-content\/uploads\/2025\/05\/IMG_20250522_0652072.jpg?resize=1536%2C1152&amp;ssl=1 1536w, https:\/\/i0.wp.com\/www.fwb-borchen.de\/wp-content\/uploads\/2025\/05\/IMG_20250522_0652072.jpg?resize=600%2C450&amp;ssl=1 600w, https:\/\/i0.wp.com\/www.fwb-borchen.de\/wp-content\/uploads\/2025\/05\/IMG_20250522_0652072.jpg?w=2000&amp;ssl=1 2000w, https:\/\/i0.wp.com\/www.fwb-borchen.de\/wp-content\/uploads\/2025\/05\/IMG_20250522_0652072.jpg?w=1820&amp;ssl=1 1820w\" sizes=\"auto, (max-width: 910px) 100vw, 910px\" \/><\/figure>\n\n\n\n<p>Im Rahmen der Sitzung des Bau- und Umweltausschusses am 12. Mai 2025 wurde ein wichtiger Meilenstein f\u00fcr das interkommunale Gewerbegebiet Alfen vorgestellt: der erste Planentwurf f\u00fcr das Gro\u00dfprojekt. Die Geschwindigkeit, mit der sich die Idee vom Konzept bis zum konkreten Vorentwurf entwickelt hat, ist bemerkenswert. Ebenso hervorzuheben ist die reibungslose und konstruktive Zusammenarbeit der beteiligten Kommunen \u2013 ein herzliches Dankesch\u00f6n gilt der Verwaltung und dem B\u00fcrgermeister f\u00fcr ihren Einsatz.<\/p>\n\n\n\n<p><strong>Kommunaler Haushalt erfordert neue Einnahmequelle<\/strong><\/p>\n\n\n\n<p>Gerade vor dem Hintergrund eines angespannten Haushalts, der kaum Spielraum f\u00fcr Einsparungen l\u00e4sst, wird deutlich, wie dringend notwendig es ist, neue Einnahmequellen zu erschlie\u00dfen. Das Gewerbegebiet kann hier einen wichtigen Beitrag leisten. <\/p>\n\n\n\n<p><strong>Topografie: Natur erhalten, wo m\u00f6glich<br><\/strong><br>Der nun vorliegende Entwurf gibt erstmals einen konkreten Eindruck vom Umfang und der Gestaltung des Projekts \u2013 ein m\u00f6gliches Vorzeigeprojekt f\u00fcr interkommunale Zusammenarbeit und moderne Standortentwicklung. Gleichzeitig zeigen die ersten Pl\u00e4ne auch die Herausforderungen, insbesondere im Hinblick auf die Topografie: Drei Plateaus mit insgesamt \u00fcber 30 Meter H\u00f6henunterschied sind vorgesehen. Hier stellen sich aus unserer Sicht berechtigte Fragen: M\u00fcssen wirklich alle Fl\u00e4chen vollst\u00e4ndig planiert werden? Gibt es M\u00f6glichkeiten, das urspr\u00fcngliche Landschaftsbild zumindest teilweise zu bewahren? Hier w\u00fcnschen wir uns Pr\u00fcfung, ob auf die Planierung des ersten Plateaus verzichtet werden kann, um den nat\u00fcrlichen Charakter des Gel\u00e4ndes zu erhalten.<\/p>\n\n\n\n<p><strong>Verkehr &#8211; Belastung f\u00fcr Alfen vermeiden<\/strong><\/p>\n\n\n\n<p>Kritisch sehen wir die geplante Erschlie\u00dfung des unteren Plateaus \u00fcber den Schorenweg. Diese L\u00f6sung bringt aus unserer Sicht mehr Nachteile als Vorteile: Zum einen w\u00fcrde zus\u00e4tzlicher Verkehr vermeidbar direkt am Ort vorbeigeleitet und eine neue L\u00e4rmquelle in unmittelbarer N\u00e4he zur Wohnbebauung (nur 230\u202fm entfernt) geschaffen. Erfahrungen aus der fr\u00fcheren Diskussion um die Autobahn haben gezeigt, wie sensibel hochgelegene L\u00e4rmquellen wahrgenommen werden.<\/p>\n\n\n\n<p><strong>Kreuzender Verkehr<br><\/strong><br>Zum anderen entstehen komplexe und potenziell gef\u00e4hrliche Verkehrsfl\u00fcsse rund um die Kreuzung \u201eAm Kleeberg\u201c, insbesondere durch querenden Verkehr aus mehreren Richtungen \u2013 darunter auch vom Autobahnkreuz W\u00fcnnenberg-Haaren. Um dem entgegenzuwirken, schlagen wir vor, die Zufahrt zum unteren Plateau \u00fcber die Landesstra\u00dfe nach Etteln zu pr\u00fcfen und den Verkehr grunds\u00e4tzlich vom Judenweg auf die Landesstra\u00dfe zu leiten.<\/p>\n\n\n\n<p><strong>Aufwertung der Kreuzung am Kleeberg erforderlich<\/strong><\/p>\n\n\n\n<p>Zus\u00e4tzlich regen wir an, die Kreuzung \u201eAm Kleeberg\u201c verkehrstechnisch aufzuwerten \u2013 beispielsweise durch den Bau eines Kreisverkehrs oder die Installation einer Ampelanlage. Dies k\u00f6nnte den Verkehrsfluss verbessern und gleichzeitig zur Beruhigung des Ortseingangs beitragen.<br><br>Unser Antrag im Bau- und Umweltausschuss: Zur m\u00f6glichen Ber\u00fccksichtigung bei der Offenlegung bitten wir um Pr\u00fcfung einer alternativen Anbindung des unteren Plateaus \u00fcber die Landesstra\u00dfe.<\/p>\n\n\n\n<p>Der Antrag wurde leider im Ausschuss abgelehnt.<\/p>\n\n\n\n<figure class=\"wp-block-image size-large\"><img data-recalc-dims=\"1\" loading=\"lazy\" decoding=\"async\" width=\"910\" height=\"683\" src=\"https:\/\/i0.wp.com\/www.fwb-borchen.de\/wp-content\/uploads\/2025\/05\/IMG_20250522_0652272.jpg?resize=910%2C683&#038;ssl=1\" alt=\"Zufahrt zum geplanten Gewerbegebiet Alfen, Borchen. Kritik an der Zufahrt\" class=\"wp-image-597\" srcset=\"https:\/\/i0.wp.com\/www.fwb-borchen.de\/wp-content\/uploads\/2025\/05\/IMG_20250522_0652272.jpg?resize=1024%2C768&amp;ssl=1 1024w, https:\/\/i0.wp.com\/www.fwb-borchen.de\/wp-content\/uploads\/2025\/05\/IMG_20250522_0652272.jpg?resize=300%2C225&amp;ssl=1 300w, https:\/\/i0.wp.com\/www.fwb-borchen.de\/wp-content\/uploads\/2025\/05\/IMG_20250522_0652272.jpg?resize=768%2C576&amp;ssl=1 768w, https:\/\/i0.wp.com\/www.fwb-borchen.de\/wp-content\/uploads\/2025\/05\/IMG_20250522_0652272.jpg?resize=1536%2C1152&amp;ssl=1 1536w, https:\/\/i0.wp.com\/www.fwb-borchen.de\/wp-content\/uploads\/2025\/05\/IMG_20250522_0652272.jpg?resize=600%2C450&amp;ssl=1 600w, https:\/\/i0.wp.com\/www.fwb-borchen.de\/wp-content\/uploads\/2025\/05\/IMG_20250522_0652272.jpg?w=2000&amp;ssl=1 2000w, https:\/\/i0.wp.com\/www.fwb-borchen.de\/wp-content\/uploads\/2025\/05\/IMG_20250522_0652272.jpg?w=1820&amp;ssl=1 1820w\" sizes=\"auto, (max-width: 910px) 100vw, 910px\" \/><\/figure>\n","protected":false},"excerpt":{"rendered":"<p>Interkommunales Gewerbegebiet Alfen: Finanzielle Chance f\u00fcr Borchen und Diskussionsbedarf zur geplanten Verkehrsf\u00fchrung. Die Anbindung \u00fcber die Stra\u00dfe Schorenweg bringt vermeidbaren Verkehrsl\u00e4rm in den Ort und sollte erneut gepr\u00fcft werden. (Textauszug aus dem Bau- und Umweltausschuss)<\/p>\n","protected":false},"author":1,"featured_media":596,"comment_status":"open","ping_status":"open","sticky":false,"template":"","format":"standard","meta":{"_jetpack_memberships_contains_paid_content":false,"footnotes":""},"categories":[1],"tags":[14,18,62,63],"class_list":["post-598","post","type-post","status-publish","format-standard","has-post-thumbnail","hentry","category-allgemein","tag-alfen","tag-borchen","tag-gewerbegebeit","tag-laerm"],"yoast_head":"<!-- This site is optimized with the Yoast SEO plugin v27.5 - https:\/\/yoast.com\/product\/yoast-seo-wordpress\/ -->\n<title>Interkommunales Gewerbegebiet Borchen Alfen - Auswirkungen geringf\u00fcgig halten - Weil wir Borchen lieben<\/title>\n<meta name=\"robots\" content=\"index, follow, max-snippet:-1, max-image-preview:large, max-video-preview:-1\" \/>\n<link rel=\"canonical\" href=\"https:\/\/www.fwb-borchen.de\/?p=598\" \/>\n<meta property=\"og:locale\" content=\"de_DE\" \/>\n<meta property=\"og:type\" content=\"article\" \/>\n<meta property=\"og:title\" content=\"Interkommunales Gewerbegebiet Borchen Alfen - Auswirkungen geringf\u00fcgig halten - Weil wir Borchen lieben\" \/>\n<meta property=\"og:description\" content=\"Interkommunales Gewerbegebiet Alfen: Finanzielle Chance f\u00fcr Borchen und Diskussionsbedarf zur geplanten Verkehrsf\u00fchrung. Die Anbindung \u00fcber die Stra\u00dfe Schorenweg bringt vermeidbaren Verkehrsl\u00e4rm in den Ort und sollte erneut gepr\u00fcft werden. (Textauszug aus dem Bau- und Umweltausschuss)\" \/>\n<meta property=\"og:url\" content=\"https:\/\/www.fwb-borchen.de\/?p=598\" \/>\n<meta property=\"og:site_name\" content=\"Weil wir Borchen lieben\" \/>\n<meta property=\"article:publisher\" content=\"https:\/\/www.facebook.com\/fwbborchen\" \/>\n<meta property=\"article:published_time\" content=\"2025-05-22T05:21:51+00:00\" \/>\n<meta property=\"article:modified_time\" content=\"2025-05-22T05:41:12+00:00\" \/>\n<meta property=\"og:image\" content=\"https:\/\/www.fwb-borchen.de\/wp-content\/uploads\/2025\/05\/IMG_20250522_0652072.jpg\" \/>\n\t<meta property=\"og:image:width\" content=\"2000\" \/>\n\t<meta property=\"og:image:height\" content=\"1500\" \/>\n\t<meta property=\"og:image:type\" content=\"image\/jpeg\" \/>\n<meta name=\"author\" content=\"fwbborch\" \/>\n<meta name=\"twitter:card\" content=\"summary_large_image\" \/>\n<meta name=\"twitter:label1\" content=\"Verfasst von\" \/>\n\t<meta name=\"twitter:data1\" content=\"fwbborch\" \/>\n\t<meta name=\"twitter:label2\" content=\"Gesch\u00e4tzte Lesezeit\" \/>\n\t<meta name=\"twitter:data2\" content=\"3\u00a0Minuten\" \/>\n<script type=\"application\/ld+json\" class=\"yoast-schema-graph\">{\"@context\":\"https:\\\/\\\/schema.org\",\"@graph\":[{\"@type\":\"Article\",\"@id\":\"https:\\\/\\\/www.fwb-borchen.de\\\/?p=598#article\",\"isPartOf\":{\"@id\":\"https:\\\/\\\/www.fwb-borchen.de\\\/?p=598\"},\"author\":{\"name\":\"fwbborch\",\"@id\":\"https:\\\/\\\/www.fwb-borchen.de\\\/#\\\/schema\\\/person\\\/23cece1bc69327c7f2532fea65f76532\"},\"headline\":\"Interkommunales Gewerbegebiet Borchen Alfen &#8211; Auswirkungen geringf\u00fcgig halten\",\"datePublished\":\"2025-05-22T05:21:51+00:00\",\"dateModified\":\"2025-05-22T05:41:12+00:00\",\"mainEntityOfPage\":{\"@id\":\"https:\\\/\\\/www.fwb-borchen.de\\\/?p=598\"},\"wordCount\":453,\"commentCount\":0,\"publisher\":{\"@id\":\"https:\\\/\\\/www.fwb-borchen.de\\\/#organization\"},\"image\":{\"@id\":\"https:\\\/\\\/www.fwb-borchen.de\\\/?p=598#primaryimage\"},\"thumbnailUrl\":\"https:\\\/\\\/i0.wp.com\\\/www.fwb-borchen.de\\\/wp-content\\\/uploads\\\/2025\\\/05\\\/IMG_20250522_0652072.jpg?fit=2000%2C1500&ssl=1\",\"keywords\":[\"Alfen\",\"Borchen\",\"gewerbegebeit\",\"l\u00e4rm\"],\"inLanguage\":\"de\",\"potentialAction\":[{\"@type\":\"CommentAction\",\"name\":\"Comment\",\"target\":[\"https:\\\/\\\/www.fwb-borchen.de\\\/?p=598#respond\"]}]},{\"@type\":\"WebPage\",\"@id\":\"https:\\\/\\\/www.fwb-borchen.de\\\/?p=598\",\"url\":\"https:\\\/\\\/www.fwb-borchen.de\\\/?p=598\",\"name\":\"Interkommunales Gewerbegebiet Borchen Alfen - Auswirkungen geringf\u00fcgig halten - Weil wir Borchen lieben\",\"isPartOf\":{\"@id\":\"https:\\\/\\\/www.fwb-borchen.de\\\/#website\"},\"primaryImageOfPage\":{\"@id\":\"https:\\\/\\\/www.fwb-borchen.de\\\/?p=598#primaryimage\"},\"image\":{\"@id\":\"https:\\\/\\\/www.fwb-borchen.de\\\/?p=598#primaryimage\"},\"thumbnailUrl\":\"https:\\\/\\\/i0.wp.com\\\/www.fwb-borchen.de\\\/wp-content\\\/uploads\\\/2025\\\/05\\\/IMG_20250522_0652072.jpg?fit=2000%2C1500&ssl=1\",\"datePublished\":\"2025-05-22T05:21:51+00:00\",\"dateModified\":\"2025-05-22T05:41:12+00:00\",\"breadcrumb\":{\"@id\":\"https:\\\/\\\/www.fwb-borchen.de\\\/?p=598#breadcrumb\"},\"inLanguage\":\"de\",\"potentialAction\":[{\"@type\":\"ReadAction\",\"target\":[\"https:\\\/\\\/www.fwb-borchen.de\\\/?p=598\"]}]},{\"@type\":\"ImageObject\",\"inLanguage\":\"de\",\"@id\":\"https:\\\/\\\/www.fwb-borchen.de\\\/?p=598#primaryimage\",\"url\":\"https:\\\/\\\/i0.wp.com\\\/www.fwb-borchen.de\\\/wp-content\\\/uploads\\\/2025\\\/05\\\/IMG_20250522_0652072.jpg?fit=2000%2C1500&ssl=1\",\"contentUrl\":\"https:\\\/\\\/i0.wp.com\\\/www.fwb-borchen.de\\\/wp-content\\\/uploads\\\/2025\\\/05\\\/IMG_20250522_0652072.jpg?fit=2000%2C1500&ssl=1\",\"width\":2000,\"height\":1500,\"caption\":\"Kritik an der Zufahrt zum interkommunalen Gewerbegebiet Borchen Alfen der Freien W\u00e4hlergemeinschaft Borchen FWB e. V.\"},{\"@type\":\"BreadcrumbList\",\"@id\":\"https:\\\/\\\/www.fwb-borchen.de\\\/?p=598#breadcrumb\",\"itemListElement\":[{\"@type\":\"ListItem\",\"position\":1,\"name\":\"Startseite\",\"item\":\"https:\\\/\\\/www.fwb-borchen.de\\\/\"},{\"@type\":\"ListItem\",\"position\":2,\"name\":\"Interkommunales Gewerbegebiet Borchen Alfen &#8211; Auswirkungen geringf\u00fcgig halten\"}]},{\"@type\":\"WebSite\",\"@id\":\"https:\\\/\\\/www.fwb-borchen.de\\\/#website\",\"url\":\"https:\\\/\\\/www.fwb-borchen.de\\\/\",\"name\":\"Weil wir Borchen lieben\",\"description\":\"\",\"publisher\":{\"@id\":\"https:\\\/\\\/www.fwb-borchen.de\\\/#organization\"},\"potentialAction\":[{\"@type\":\"SearchAction\",\"target\":{\"@type\":\"EntryPoint\",\"urlTemplate\":\"https:\\\/\\\/www.fwb-borchen.de\\\/?s={search_term_string}\"},\"query-input\":{\"@type\":\"PropertyValueSpecification\",\"valueRequired\":true,\"valueName\":\"search_term_string\"}}],\"inLanguage\":\"de\"},{\"@type\":\"Organization\",\"@id\":\"https:\\\/\\\/www.fwb-borchen.de\\\/#organization\",\"name\":\"Freie W\u00e4hlergemeinschaft Borchen e. V.\",\"url\":\"https:\\\/\\\/www.fwb-borchen.de\\\/\",\"logo\":{\"@type\":\"ImageObject\",\"inLanguage\":\"de\",\"@id\":\"https:\\\/\\\/www.fwb-borchen.de\\\/#\\\/schema\\\/logo\\\/image\\\/\",\"url\":\"https:\\\/\\\/i0.wp.com\\\/www.fwb-borchen.de\\\/wp-content\\\/uploads\\\/2020\\\/09\\\/2020_fwb_logo.jpg?fit=176%2C65&ssl=1\",\"contentUrl\":\"https:\\\/\\\/i0.wp.com\\\/www.fwb-borchen.de\\\/wp-content\\\/uploads\\\/2020\\\/09\\\/2020_fwb_logo.jpg?fit=176%2C65&ssl=1\",\"width\":176,\"height\":65,\"caption\":\"Freie W\u00e4hlergemeinschaft Borchen e. V.\"},\"image\":{\"@id\":\"https:\\\/\\\/www.fwb-borchen.de\\\/#\\\/schema\\\/logo\\\/image\\\/\"},\"sameAs\":[\"https:\\\/\\\/www.facebook.com\\\/fwbborchen\"]},{\"@type\":\"Person\",\"@id\":\"https:\\\/\\\/www.fwb-borchen.de\\\/#\\\/schema\\\/person\\\/23cece1bc69327c7f2532fea65f76532\",\"name\":\"fwbborch\",\"image\":{\"@type\":\"ImageObject\",\"inLanguage\":\"de\",\"@id\":\"https:\\\/\\\/secure.gravatar.com\\\/avatar\\\/e1f0271a5af51a2c8f5a4185c4ee395a70fce94dfdd500fde7c1740cea4bae5b?s=96&d=mm&r=g\",\"url\":\"https:\\\/\\\/secure.gravatar.com\\\/avatar\\\/e1f0271a5af51a2c8f5a4185c4ee395a70fce94dfdd500fde7c1740cea4bae5b?s=96&d=mm&r=g\",\"contentUrl\":\"https:\\\/\\\/secure.gravatar.com\\\/avatar\\\/e1f0271a5af51a2c8f5a4185c4ee395a70fce94dfdd500fde7c1740cea4bae5b?s=96&d=mm&r=g\",\"caption\":\"fwbborch\"},\"sameAs\":[\"https:\\\/\\\/test.fwb-borchen.de\"]}]}<\/script>\n<!-- \/ Yoast SEO plugin. -->","yoast_head_json":{"title":"Interkommunales Gewerbegebiet Borchen Alfen - Auswirkungen geringf\u00fcgig halten - Weil wir Borchen lieben","robots":{"index":"index","follow":"follow","max-snippet":"max-snippet:-1","max-image-preview":"max-image-preview:large","max-video-preview":"max-video-preview:-1"},"canonical":"https:\/\/www.fwb-borchen.de\/?p=598","og_locale":"de_DE","og_type":"article","og_title":"Interkommunales Gewerbegebiet Borchen Alfen - Auswirkungen geringf\u00fcgig halten - Weil wir Borchen lieben","og_description":"Interkommunales Gewerbegebiet Alfen: Finanzielle Chance f\u00fcr Borchen und Diskussionsbedarf zur geplanten Verkehrsf\u00fchrung. Die Anbindung \u00fcber die Stra\u00dfe Schorenweg bringt vermeidbaren Verkehrsl\u00e4rm in den Ort und sollte erneut gepr\u00fcft werden. (Textauszug aus dem Bau- und Umweltausschuss)","og_url":"https:\/\/www.fwb-borchen.de\/?p=598","og_site_name":"Weil wir Borchen lieben","article_publisher":"https:\/\/www.facebook.com\/fwbborchen","article_published_time":"2025-05-22T05:21:51+00:00","article_modified_time":"2025-05-22T05:41:12+00:00","og_image":[{"width":2000,"height":1500,"url":"https:\/\/www.fwb-borchen.de\/wp-content\/uploads\/2025\/05\/IMG_20250522_0652072.jpg","type":"image\/jpeg"}],"author":"fwbborch","twitter_card":"summary_large_image","twitter_misc":{"Verfasst von":"fwbborch","Gesch\u00e4tzte Lesezeit":"3\u00a0Minuten"},"schema":{"@context":"https:\/\/schema.org","@graph":[{"@type":"Article","@id":"https:\/\/www.fwb-borchen.de\/?p=598#article","isPartOf":{"@id":"https:\/\/www.fwb-borchen.de\/?p=598"},"author":{"name":"fwbborch","@id":"https:\/\/www.fwb-borchen.de\/#\/schema\/person\/23cece1bc69327c7f2532fea65f76532"},"headline":"Interkommunales Gewerbegebiet Borchen Alfen &#8211; Auswirkungen geringf\u00fcgig halten","datePublished":"2025-05-22T05:21:51+00:00","dateModified":"2025-05-22T05:41:12+00:00","mainEntityOfPage":{"@id":"https:\/\/www.fwb-borchen.de\/?p=598"},"wordCount":453,"commentCount":0,"publisher":{"@id":"https:\/\/www.fwb-borchen.de\/#organization"},"image":{"@id":"https:\/\/www.fwb-borchen.de\/?p=598#primaryimage"},"thumbnailUrl":"https:\/\/i0.wp.com\/www.fwb-borchen.de\/wp-content\/uploads\/2025\/05\/IMG_20250522_0652072.jpg?fit=2000%2C1500&ssl=1","keywords":["Alfen","Borchen","gewerbegebeit","l\u00e4rm"],"inLanguage":"de","potentialAction":[{"@type":"CommentAction","name":"Comment","target":["https:\/\/www.fwb-borchen.de\/?p=598#respond"]}]},{"@type":"WebPage","@id":"https:\/\/www.fwb-borchen.de\/?p=598","url":"https:\/\/www.fwb-borchen.de\/?p=598","name":"Interkommunales Gewerbegebiet Borchen Alfen - Auswirkungen geringf\u00fcgig halten - Weil wir Borchen lieben","isPartOf":{"@id":"https:\/\/www.fwb-borchen.de\/#website"},"primaryImageOfPage":{"@id":"https:\/\/www.fwb-borchen.de\/?p=598#primaryimage"},"image":{"@id":"https:\/\/www.fwb-borchen.de\/?p=598#primaryimage"},"thumbnailUrl":"https:\/\/i0.wp.com\/www.fwb-borchen.de\/wp-content\/uploads\/2025\/05\/IMG_20250522_0652072.jpg?fit=2000%2C1500&ssl=1","datePublished":"2025-05-22T05:21:51+00:00","dateModified":"2025-05-22T05:41:12+00:00","breadcrumb":{"@id":"https:\/\/www.fwb-borchen.de\/?p=598#breadcrumb"},"inLanguage":"de","potentialAction":[{"@type":"ReadAction","target":["https:\/\/www.fwb-borchen.de\/?p=598"]}]},{"@type":"ImageObject","inLanguage":"de","@id":"https:\/\/www.fwb-borchen.de\/?p=598#primaryimage","url":"https:\/\/i0.wp.com\/www.fwb-borchen.de\/wp-content\/uploads\/2025\/05\/IMG_20250522_0652072.jpg?fit=2000%2C1500&ssl=1","contentUrl":"https:\/\/i0.wp.com\/www.fwb-borchen.de\/wp-content\/uploads\/2025\/05\/IMG_20250522_0652072.jpg?fit=2000%2C1500&ssl=1","width":2000,"height":1500,"caption":"Kritik an der Zufahrt zum interkommunalen Gewerbegebiet Borchen Alfen der Freien W\u00e4hlergemeinschaft Borchen FWB e. V."},{"@type":"BreadcrumbList","@id":"https:\/\/www.fwb-borchen.de\/?p=598#breadcrumb","itemListElement":[{"@type":"ListItem","position":1,"name":"Startseite","item":"https:\/\/www.fwb-borchen.de\/"},{"@type":"ListItem","position":2,"name":"Interkommunales Gewerbegebiet Borchen Alfen &#8211; Auswirkungen geringf\u00fcgig halten"}]},{"@type":"WebSite","@id":"https:\/\/www.fwb-borchen.de\/#website","url":"https:\/\/www.fwb-borchen.de\/","name":"Weil wir Borchen lieben","description":"","publisher":{"@id":"https:\/\/www.fwb-borchen.de\/#organization"},"potentialAction":[{"@type":"SearchAction","target":{"@type":"EntryPoint","urlTemplate":"https:\/\/www.fwb-borchen.de\/?s={search_term_string}"},"query-input":{"@type":"PropertyValueSpecification","valueRequired":true,"valueName":"search_term_string"}}],"inLanguage":"de"},{"@type":"Organization","@id":"https:\/\/www.fwb-borchen.de\/#organization","name":"Freie W\u00e4hlergemeinschaft Borchen e. V.","url":"https:\/\/www.fwb-borchen.de\/","logo":{"@type":"ImageObject","inLanguage":"de","@id":"https:\/\/www.fwb-borchen.de\/#\/schema\/logo\/image\/","url":"https:\/\/i0.wp.com\/www.fwb-borchen.de\/wp-content\/uploads\/2020\/09\/2020_fwb_logo.jpg?fit=176%2C65&ssl=1","contentUrl":"https:\/\/i0.wp.com\/www.fwb-borchen.de\/wp-content\/uploads\/2020\/09\/2020_fwb_logo.jpg?fit=176%2C65&ssl=1","width":176,"height":65,"caption":"Freie W\u00e4hlergemeinschaft Borchen e. V."},"image":{"@id":"https:\/\/www.fwb-borchen.de\/#\/schema\/logo\/image\/"},"sameAs":["https:\/\/www.facebook.com\/fwbborchen"]},{"@type":"Person","@id":"https:\/\/www.fwb-borchen.de\/#\/schema\/person\/23cece1bc69327c7f2532fea65f76532","name":"fwbborch","image":{"@type":"ImageObject","inLanguage":"de","@id":"https:\/\/secure.gravatar.com\/avatar\/e1f0271a5af51a2c8f5a4185c4ee395a70fce94dfdd500fde7c1740cea4bae5b?s=96&d=mm&r=g","url":"https:\/\/secure.gravatar.com\/avatar\/e1f0271a5af51a2c8f5a4185c4ee395a70fce94dfdd500fde7c1740cea4bae5b?s=96&d=mm&r=g","contentUrl":"https:\/\/secure.gravatar.com\/avatar\/e1f0271a5af51a2c8f5a4185c4ee395a70fce94dfdd500fde7c1740cea4bae5b?s=96&d=mm&r=g","caption":"fwbborch"},"sameAs":["https:\/\/test.fwb-borchen.de"]}]}},"jetpack_featured_media_url":"https:\/\/i0.wp.com\/www.fwb-borchen.de\/wp-content\/uploads\/2025\/05\/IMG_20250522_0652072.jpg?fit=2000%2C1500&ssl=1","jetpack_sharing_enabled":true,"_links":{"self":[{"href":"https:\/\/www.fwb-borchen.de\/index.php?rest_route=\/wp\/v2\/posts\/598","targetHints":{"allow":["GET"]}}],"collection":[{"href":"https:\/\/www.fwb-borchen.de\/index.php?rest_route=\/wp\/v2\/posts"}],"about":[{"href":"https:\/\/www.fwb-borchen.de\/index.php?rest_route=\/wp\/v2\/types\/post"}],"author":[{"embeddable":true,"href":"https:\/\/www.fwb-borchen.de\/index.php?rest_route=\/wp\/v2\/users\/1"}],"replies":[{"embeddable":true,"href":"https:\/\/www.fwb-borchen.de\/index.php?rest_route=%2Fwp%2Fv2%2Fcomments&post=598"}],"version-history":[{"count":9,"href":"https:\/\/www.fwb-borchen.de\/index.php?rest_route=\/wp\/v2\/posts\/598\/revisions"}],"predecessor-version":[{"id":608,"href":"https:\/\/www.fwb-borchen.de\/index.php?rest_route=\/wp\/v2\/posts\/598\/revisions\/608"}],"wp:featuredmedia":[{"embeddable":true,"href":"https:\/\/www.fwb-borchen.de\/index.php?rest_route=\/wp\/v2\/media\/596"}],"wp:attachment":[{"href":"https:\/\/www.fwb-borchen.de\/index.php?rest_route=%2Fwp%2Fv2%2Fmedia&parent=598"}],"wp:term":[{"taxonomy":"category","embeddable":true,"href":"https:\/\/www.fwb-borchen.de\/index.php?rest_route=%2Fwp%2Fv2%2Fcategories&post=598"},{"taxonomy":"post_tag","embeddable":true,"href":"https:\/\/www.fwb-borchen.de\/index.php?rest_route=%2Fwp%2Fv2%2Ftags&post=598"}],"curies":[{"name":"wp","href":"https:\/\/api.w.org\/{rel}","templated":true}]}}