{"id":498,"date":"2024-11-05T22:06:51","date_gmt":"2024-11-05T21:06:51","guid":{"rendered":"https:\/\/www.fwb-borchen.de\/?p=498"},"modified":"2024-11-05T22:10:54","modified_gmt":"2024-11-05T21:10:54","slug":"fluglaerm-paderborn-lippstadt-antworten-der-bezirksregierung-zur-fwb-anfrage","status":"publish","type":"post","link":"https:\/\/www.fwb-borchen.de\/?p=498","title":{"rendered":"Flugl\u00e4rm Paderborn \/ Lippstadt: Antworten der Bezirksregierung zur FWB-Anfrage"},"content":{"rendered":"\n<figure class=\"wp-block-image size-large\"><img data-recalc-dims=\"1\" loading=\"lazy\" decoding=\"async\" width=\"910\" height=\"608\" src=\"https:\/\/i0.wp.com\/www.fwb-borchen.de\/wp-content\/uploads\/2024\/11\/fluglaerm_anfrage_antwort.jpg?resize=910%2C608&#038;ssl=1\" alt=\"Antworten zum Flugl\u00e4rm an die Bezirksregierung M\u00fcnster\" class=\"wp-image-499\" srcset=\"https:\/\/i0.wp.com\/www.fwb-borchen.de\/wp-content\/uploads\/2024\/11\/fluglaerm_anfrage_antwort.jpg?resize=1024%2C684&amp;ssl=1 1024w, https:\/\/i0.wp.com\/www.fwb-borchen.de\/wp-content\/uploads\/2024\/11\/fluglaerm_anfrage_antwort.jpg?resize=300%2C200&amp;ssl=1 300w, https:\/\/i0.wp.com\/www.fwb-borchen.de\/wp-content\/uploads\/2024\/11\/fluglaerm_anfrage_antwort.jpg?resize=768%2C513&amp;ssl=1 768w, https:\/\/i0.wp.com\/www.fwb-borchen.de\/wp-content\/uploads\/2024\/11\/fluglaerm_anfrage_antwort.jpg?w=1200&amp;ssl=1 1200w\" sizes=\"auto, (max-width: 910px) 100vw, 910px\" \/><\/figure>\n\n\n\n<p>Die Freie W\u00e4hlergemeinschaft Borchen hat am 20. Oktober eine Anfrage an die Bezirksregierung M\u00fcnster zum Thema Flugl\u00e4rm gestellt. Wir wollten wissen, was der aktuelle Stand beim Thema Nachtflug am Flughafen Paderborn \/ Lippstadt &#8222;Heinz Nixdorf&#8220; ist und welche M\u00f6glichkeiten bestehen. Hier die Fragen und Antworten in gek\u00fcrzter Form.<\/p>\n\n\n\n<h2 class=\"wp-block-heading\">Hat die freiwillige Nachtflugbeschr\u00e4nkung weiterhin G\u00fcltigkeit?<\/h2>\n\n\n\n<p>Der Flughafen Paderborn\/Lippstadt hatte im Wege einer freiwilligen Selbstbeschr\u00e4nkung seit 1997 auf die Durchf\u00fchrung planm\u00e4\u00dfiger Fl\u00fcge in der Nachtkernzeit (0.00 bis 5.00 Uhr) verzichtet, diesen Verzicht jedoch ab einem sp\u00e4teren Zeitpunkt (bereits vor 2014 [&#8230;]) nicht mehr aufrechterhalten. [&#8230;]<\/p>\n\n\n\n<h2 class=\"wp-block-heading\">Liegen Ihnen Zahlen vor, wie viele Nachtfl\u00fcge\/Tagfl\u00fcge in 2023 bzw. im ersten Halbjahr 2024 stattgefunden haben?<\/h2>\n\n\n\n<p>In 2023 fanden 2972 Nachtflugbewegungen (22:00 \u2013 06:00 Uhr) statt, davon 1886 Bewegungen zur Nachtkernzeit (00:00 \u2013 05:00 Uhr). Grunds\u00e4tzlich wurden im Jahr 2023 insgesamt 37.609<br>Flugbewegungen verzeichnet [&#8230;]<\/p>\n\n\n\n<h2 class=\"wp-block-heading\">Eine Durchsetzung eines Nachtflugverbots mindestens zwischen 12 Uhr nachts und 5 Uhr morgens ist aus pr\u00e4ventivgesundheitlichen Gr\u00fcnden f\u00fcr die anliegenden Kommunen anstrebenswert und erforderlich. Gibt es hierzu eine Haltung der Bezirksregierung [&#8230;]?<\/h2>\n\n\n\n<p>Der Flughafen wird auf Grundlage der bestehenden bestandskr\u00e4ftigen Genehmigung und des Plan\u00adfeststellungs\u00adbeschlusses betrieben. Betriebsbeschr\u00e4nkungen, insbesondere f\u00fcr die Nachtzeit, enthalten<br>die Zulassungs\u00adentscheidungen nicht.<\/p>\n\n\n\n<h2 class=\"wp-block-heading\">Unter welchen Umst\u00e4nden bzw. Kriterien w\u00e4re die Durchsetzung eines Nachtflugverbots m\u00f6glich?<\/h2>\n\n\n\n<p>Wie oben beschrieben operiert der Flughafen aufgrund einer bestandskr\u00e4ftigen Genehmigung, die keine Nachtflug\u00adbeschr\u00e4nkungen vorsieht. Aus diesem Grund ist eine Durchsetzung eines Nachtflug\u00adverbots von Seiten der Landes\u00adluftfahrt\u00adbeh\u00f6rde nicht m\u00f6glich.<\/p>\n\n\n\n<div class=\"wp-block-group\"><div class=\"wp-block-group__inner-container is-layout-constrained wp-block-group-is-layout-constrained\">\n<div class=\"wp-block-group\"><div class=\"wp-block-group__inner-container is-layout-constrained wp-block-group-is-layout-constrained\">\n<p>Die vollst\u00e4ndigen Antworten finden Sie hier:<\/p>\n\n\n\n<div class=\"wp-block-file\"><a id=\"wp-block-file--media-c4c79dcf-3af6-432f-a28f-2c6c8c705605\" href=\"https:\/\/www.fwb-borchen.de\/wp-content\/uploads\/2024\/11\/Beantwortung-der-Anfrage-freie-Waehlergemeinschaft-Borchen.pdf\">Beantwortung der Anfrage freie W\u00e4hlergemeinschaft Borchen<\/a><a href=\"https:\/\/www.fwb-borchen.de\/wp-content\/uploads\/2024\/11\/Beantwortung-der-Anfrage-freie-Waehlergemeinschaft-Borchen.pdf\" class=\"wp-block-file__button wp-element-button\" download aria-describedby=\"wp-block-file--media-c4c79dcf-3af6-432f-a28f-2c6c8c705605\">Herunterladen<\/a><\/div>\n<\/div><\/div>\n<\/div><\/div>\n\n\n\n<h2 class=\"wp-block-heading\">Wir bedanken uns bei der Bezirksregierung M\u00fcnster f\u00fcr die schnelle und konstruktive Beantwortung.<\/h2>\n","protected":false},"excerpt":{"rendered":"<p>Wir hatten Fragen zum Flugl\u00e4rm \u2013 die die Bezirks\u00adregierung die Antworten. Mehr finden Sie hier.<\/p>\n","protected":false},"author":1,"featured_media":499,"comment_status":"open","ping_status":"open","sticky":false,"template":"","format":"standard","meta":{"_jetpack_memberships_contains_paid_content":false,"footnotes":""},"categories":[1],"tags":[47,50],"class_list":["post-498","post","type-post","status-publish","format-standard","has-post-thumbnail","hentry","category-allgemein","tag-fluglaerm","tag-gesundheit"],"yoast_head":"<!-- This site is optimized with the Yoast SEO plugin v27.5 - https:\/\/yoast.com\/product\/yoast-seo-wordpress\/ -->\n<title>Flugl\u00e4rm Paderborn \/ Lippstadt: Antworten der Bezirksregierung zur FWB-Anfrage - Weil wir Borchen lieben<\/title>\n<meta name=\"robots\" content=\"index, follow, max-snippet:-1, max-image-preview:large, max-video-preview:-1\" \/>\n<link rel=\"canonical\" href=\"https:\/\/www.fwb-borchen.de\/?p=498\" \/>\n<meta property=\"og:locale\" content=\"de_DE\" \/>\n<meta property=\"og:type\" content=\"article\" \/>\n<meta property=\"og:title\" content=\"Flugl\u00e4rm Paderborn \/ Lippstadt: Antworten der Bezirksregierung zur FWB-Anfrage - Weil wir Borchen lieben\" \/>\n<meta property=\"og:description\" content=\"Wir hatten Fragen zum Flugl\u00e4rm \u2013 die die Bezirks\u00adregierung die Antworten. Mehr finden Sie hier.\" \/>\n<meta property=\"og:url\" content=\"https:\/\/www.fwb-borchen.de\/?p=498\" \/>\n<meta property=\"og:site_name\" content=\"Weil wir Borchen lieben\" \/>\n<meta property=\"article:publisher\" content=\"https:\/\/www.facebook.com\/fwbborchen\" \/>\n<meta property=\"article:published_time\" content=\"2024-11-05T21:06:51+00:00\" \/>\n<meta property=\"article:modified_time\" content=\"2024-11-05T21:10:54+00:00\" \/>\n<meta property=\"og:image\" content=\"https:\/\/www.fwb-borchen.de\/wp-content\/uploads\/2024\/11\/fluglaerm_anfrage_antwort.jpg\" \/>\n\t<meta property=\"og:image:width\" content=\"1200\" \/>\n\t<meta property=\"og:image:height\" content=\"801\" \/>\n\t<meta property=\"og:image:type\" content=\"image\/jpeg\" \/>\n<meta name=\"author\" content=\"fwbborch\" \/>\n<meta name=\"twitter:card\" content=\"summary_large_image\" \/>\n<meta name=\"twitter:label1\" content=\"Verfasst von\" \/>\n\t<meta name=\"twitter:data1\" content=\"fwbborch\" \/>\n\t<meta name=\"twitter:label2\" content=\"Gesch\u00e4tzte Lesezeit\" \/>\n\t<meta name=\"twitter:data2\" content=\"2\u00a0Minuten\" \/>\n<script type=\"application\/ld+json\" class=\"yoast-schema-graph\">{\"@context\":\"https:\\\/\\\/schema.org\",\"@graph\":[{\"@type\":\"Article\",\"@id\":\"https:\\\/\\\/www.fwb-borchen.de\\\/?p=498#article\",\"isPartOf\":{\"@id\":\"https:\\\/\\\/www.fwb-borchen.de\\\/?p=498\"},\"author\":{\"name\":\"fwbborch\",\"@id\":\"https:\\\/\\\/www.fwb-borchen.de\\\/#\\\/schema\\\/person\\\/23cece1bc69327c7f2532fea65f76532\"},\"headline\":\"Flugl\u00e4rm Paderborn \\\/ Lippstadt: Antworten der Bezirksregierung zur FWB-Anfrage\",\"datePublished\":\"2024-11-05T21:06:51+00:00\",\"dateModified\":\"2024-11-05T21:10:54+00:00\",\"mainEntityOfPage\":{\"@id\":\"https:\\\/\\\/www.fwb-borchen.de\\\/?p=498\"},\"wordCount\":281,\"commentCount\":0,\"publisher\":{\"@id\":\"https:\\\/\\\/www.fwb-borchen.de\\\/#organization\"},\"image\":{\"@id\":\"https:\\\/\\\/www.fwb-borchen.de\\\/?p=498#primaryimage\"},\"thumbnailUrl\":\"https:\\\/\\\/i0.wp.com\\\/www.fwb-borchen.de\\\/wp-content\\\/uploads\\\/2024\\\/11\\\/fluglaerm_anfrage_antwort.jpg?fit=1200%2C801&ssl=1\",\"keywords\":[\"Flugl\u00e4rm\",\"Gesundheit\"],\"inLanguage\":\"de\",\"potentialAction\":[{\"@type\":\"CommentAction\",\"name\":\"Comment\",\"target\":[\"https:\\\/\\\/www.fwb-borchen.de\\\/?p=498#respond\"]}]},{\"@type\":\"WebPage\",\"@id\":\"https:\\\/\\\/www.fwb-borchen.de\\\/?p=498\",\"url\":\"https:\\\/\\\/www.fwb-borchen.de\\\/?p=498\",\"name\":\"Flugl\u00e4rm Paderborn \\\/ Lippstadt: Antworten der Bezirksregierung zur FWB-Anfrage - Weil wir Borchen lieben\",\"isPartOf\":{\"@id\":\"https:\\\/\\\/www.fwb-borchen.de\\\/#website\"},\"primaryImageOfPage\":{\"@id\":\"https:\\\/\\\/www.fwb-borchen.de\\\/?p=498#primaryimage\"},\"image\":{\"@id\":\"https:\\\/\\\/www.fwb-borchen.de\\\/?p=498#primaryimage\"},\"thumbnailUrl\":\"https:\\\/\\\/i0.wp.com\\\/www.fwb-borchen.de\\\/wp-content\\\/uploads\\\/2024\\\/11\\\/fluglaerm_anfrage_antwort.jpg?fit=1200%2C801&ssl=1\",\"datePublished\":\"2024-11-05T21:06:51+00:00\",\"dateModified\":\"2024-11-05T21:10:54+00:00\",\"breadcrumb\":{\"@id\":\"https:\\\/\\\/www.fwb-borchen.de\\\/?p=498#breadcrumb\"},\"inLanguage\":\"de\",\"potentialAction\":[{\"@type\":\"ReadAction\",\"target\":[\"https:\\\/\\\/www.fwb-borchen.de\\\/?p=498\"]}]},{\"@type\":\"ImageObject\",\"inLanguage\":\"de\",\"@id\":\"https:\\\/\\\/www.fwb-borchen.de\\\/?p=498#primaryimage\",\"url\":\"https:\\\/\\\/i0.wp.com\\\/www.fwb-borchen.de\\\/wp-content\\\/uploads\\\/2024\\\/11\\\/fluglaerm_anfrage_antwort.jpg?fit=1200%2C801&ssl=1\",\"contentUrl\":\"https:\\\/\\\/i0.wp.com\\\/www.fwb-borchen.de\\\/wp-content\\\/uploads\\\/2024\\\/11\\\/fluglaerm_anfrage_antwort.jpg?fit=1200%2C801&ssl=1\",\"width\":1200,\"height\":801,\"caption\":\"Antworten zum Flugl\u00e4rm an die Bezirksregierung M\u00fcnster\"},{\"@type\":\"BreadcrumbList\",\"@id\":\"https:\\\/\\\/www.fwb-borchen.de\\\/?p=498#breadcrumb\",\"itemListElement\":[{\"@type\":\"ListItem\",\"position\":1,\"name\":\"Startseite\",\"item\":\"https:\\\/\\\/www.fwb-borchen.de\\\/\"},{\"@type\":\"ListItem\",\"position\":2,\"name\":\"Flugl\u00e4rm Paderborn \\\/ Lippstadt: Antworten der Bezirksregierung zur FWB-Anfrage\"}]},{\"@type\":\"WebSite\",\"@id\":\"https:\\\/\\\/www.fwb-borchen.de\\\/#website\",\"url\":\"https:\\\/\\\/www.fwb-borchen.de\\\/\",\"name\":\"Weil wir Borchen lieben\",\"description\":\"\",\"publisher\":{\"@id\":\"https:\\\/\\\/www.fwb-borchen.de\\\/#organization\"},\"potentialAction\":[{\"@type\":\"SearchAction\",\"target\":{\"@type\":\"EntryPoint\",\"urlTemplate\":\"https:\\\/\\\/www.fwb-borchen.de\\\/?s={search_term_string}\"},\"query-input\":{\"@type\":\"PropertyValueSpecification\",\"valueRequired\":true,\"valueName\":\"search_term_string\"}}],\"inLanguage\":\"de\"},{\"@type\":\"Organization\",\"@id\":\"https:\\\/\\\/www.fwb-borchen.de\\\/#organization\",\"name\":\"Freie W\u00e4hlergemeinschaft Borchen e. V.\",\"url\":\"https:\\\/\\\/www.fwb-borchen.de\\\/\",\"logo\":{\"@type\":\"ImageObject\",\"inLanguage\":\"de\",\"@id\":\"https:\\\/\\\/www.fwb-borchen.de\\\/#\\\/schema\\\/logo\\\/image\\\/\",\"url\":\"https:\\\/\\\/i0.wp.com\\\/www.fwb-borchen.de\\\/wp-content\\\/uploads\\\/2020\\\/09\\\/2020_fwb_logo.jpg?fit=176%2C65&ssl=1\",\"contentUrl\":\"https:\\\/\\\/i0.wp.com\\\/www.fwb-borchen.de\\\/wp-content\\\/uploads\\\/2020\\\/09\\\/2020_fwb_logo.jpg?fit=176%2C65&ssl=1\",\"width\":176,\"height\":65,\"caption\":\"Freie W\u00e4hlergemeinschaft Borchen e. V.\"},\"image\":{\"@id\":\"https:\\\/\\\/www.fwb-borchen.de\\\/#\\\/schema\\\/logo\\\/image\\\/\"},\"sameAs\":[\"https:\\\/\\\/www.facebook.com\\\/fwbborchen\"]},{\"@type\":\"Person\",\"@id\":\"https:\\\/\\\/www.fwb-borchen.de\\\/#\\\/schema\\\/person\\\/23cece1bc69327c7f2532fea65f76532\",\"name\":\"fwbborch\",\"image\":{\"@type\":\"ImageObject\",\"inLanguage\":\"de\",\"@id\":\"https:\\\/\\\/secure.gravatar.com\\\/avatar\\\/e1f0271a5af51a2c8f5a4185c4ee395a70fce94dfdd500fde7c1740cea4bae5b?s=96&d=mm&r=g\",\"url\":\"https:\\\/\\\/secure.gravatar.com\\\/avatar\\\/e1f0271a5af51a2c8f5a4185c4ee395a70fce94dfdd500fde7c1740cea4bae5b?s=96&d=mm&r=g\",\"contentUrl\":\"https:\\\/\\\/secure.gravatar.com\\\/avatar\\\/e1f0271a5af51a2c8f5a4185c4ee395a70fce94dfdd500fde7c1740cea4bae5b?s=96&d=mm&r=g\",\"caption\":\"fwbborch\"},\"sameAs\":[\"https:\\\/\\\/test.fwb-borchen.de\"]}]}<\/script>\n<!-- \/ Yoast SEO plugin. -->","yoast_head_json":{"title":"Flugl\u00e4rm Paderborn \/ Lippstadt: Antworten der Bezirksregierung zur FWB-Anfrage - Weil wir Borchen lieben","robots":{"index":"index","follow":"follow","max-snippet":"max-snippet:-1","max-image-preview":"max-image-preview:large","max-video-preview":"max-video-preview:-1"},"canonical":"https:\/\/www.fwb-borchen.de\/?p=498","og_locale":"de_DE","og_type":"article","og_title":"Flugl\u00e4rm Paderborn \/ Lippstadt: Antworten der Bezirksregierung zur FWB-Anfrage - Weil wir Borchen lieben","og_description":"Wir hatten Fragen zum Flugl\u00e4rm \u2013 die die Bezirks\u00adregierung die Antworten. Mehr finden Sie hier.","og_url":"https:\/\/www.fwb-borchen.de\/?p=498","og_site_name":"Weil wir Borchen lieben","article_publisher":"https:\/\/www.facebook.com\/fwbborchen","article_published_time":"2024-11-05T21:06:51+00:00","article_modified_time":"2024-11-05T21:10:54+00:00","og_image":[{"width":1200,"height":801,"url":"https:\/\/www.fwb-borchen.de\/wp-content\/uploads\/2024\/11\/fluglaerm_anfrage_antwort.jpg","type":"image\/jpeg"}],"author":"fwbborch","twitter_card":"summary_large_image","twitter_misc":{"Verfasst von":"fwbborch","Gesch\u00e4tzte Lesezeit":"2\u00a0Minuten"},"schema":{"@context":"https:\/\/schema.org","@graph":[{"@type":"Article","@id":"https:\/\/www.fwb-borchen.de\/?p=498#article","isPartOf":{"@id":"https:\/\/www.fwb-borchen.de\/?p=498"},"author":{"name":"fwbborch","@id":"https:\/\/www.fwb-borchen.de\/#\/schema\/person\/23cece1bc69327c7f2532fea65f76532"},"headline":"Flugl\u00e4rm Paderborn \/ Lippstadt: Antworten der Bezirksregierung zur FWB-Anfrage","datePublished":"2024-11-05T21:06:51+00:00","dateModified":"2024-11-05T21:10:54+00:00","mainEntityOfPage":{"@id":"https:\/\/www.fwb-borchen.de\/?p=498"},"wordCount":281,"commentCount":0,"publisher":{"@id":"https:\/\/www.fwb-borchen.de\/#organization"},"image":{"@id":"https:\/\/www.fwb-borchen.de\/?p=498#primaryimage"},"thumbnailUrl":"https:\/\/i0.wp.com\/www.fwb-borchen.de\/wp-content\/uploads\/2024\/11\/fluglaerm_anfrage_antwort.jpg?fit=1200%2C801&ssl=1","keywords":["Flugl\u00e4rm","Gesundheit"],"inLanguage":"de","potentialAction":[{"@type":"CommentAction","name":"Comment","target":["https:\/\/www.fwb-borchen.de\/?p=498#respond"]}]},{"@type":"WebPage","@id":"https:\/\/www.fwb-borchen.de\/?p=498","url":"https:\/\/www.fwb-borchen.de\/?p=498","name":"Flugl\u00e4rm Paderborn \/ Lippstadt: Antworten der Bezirksregierung zur FWB-Anfrage - Weil wir Borchen lieben","isPartOf":{"@id":"https:\/\/www.fwb-borchen.de\/#website"},"primaryImageOfPage":{"@id":"https:\/\/www.fwb-borchen.de\/?p=498#primaryimage"},"image":{"@id":"https:\/\/www.fwb-borchen.de\/?p=498#primaryimage"},"thumbnailUrl":"https:\/\/i0.wp.com\/www.fwb-borchen.de\/wp-content\/uploads\/2024\/11\/fluglaerm_anfrage_antwort.jpg?fit=1200%2C801&ssl=1","datePublished":"2024-11-05T21:06:51+00:00","dateModified":"2024-11-05T21:10:54+00:00","breadcrumb":{"@id":"https:\/\/www.fwb-borchen.de\/?p=498#breadcrumb"},"inLanguage":"de","potentialAction":[{"@type":"ReadAction","target":["https:\/\/www.fwb-borchen.de\/?p=498"]}]},{"@type":"ImageObject","inLanguage":"de","@id":"https:\/\/www.fwb-borchen.de\/?p=498#primaryimage","url":"https:\/\/i0.wp.com\/www.fwb-borchen.de\/wp-content\/uploads\/2024\/11\/fluglaerm_anfrage_antwort.jpg?fit=1200%2C801&ssl=1","contentUrl":"https:\/\/i0.wp.com\/www.fwb-borchen.de\/wp-content\/uploads\/2024\/11\/fluglaerm_anfrage_antwort.jpg?fit=1200%2C801&ssl=1","width":1200,"height":801,"caption":"Antworten zum Flugl\u00e4rm an die Bezirksregierung M\u00fcnster"},{"@type":"BreadcrumbList","@id":"https:\/\/www.fwb-borchen.de\/?p=498#breadcrumb","itemListElement":[{"@type":"ListItem","position":1,"name":"Startseite","item":"https:\/\/www.fwb-borchen.de\/"},{"@type":"ListItem","position":2,"name":"Flugl\u00e4rm Paderborn \/ Lippstadt: Antworten der Bezirksregierung zur FWB-Anfrage"}]},{"@type":"WebSite","@id":"https:\/\/www.fwb-borchen.de\/#website","url":"https:\/\/www.fwb-borchen.de\/","name":"Weil wir Borchen lieben","description":"","publisher":{"@id":"https:\/\/www.fwb-borchen.de\/#organization"},"potentialAction":[{"@type":"SearchAction","target":{"@type":"EntryPoint","urlTemplate":"https:\/\/www.fwb-borchen.de\/?s={search_term_string}"},"query-input":{"@type":"PropertyValueSpecification","valueRequired":true,"valueName":"search_term_string"}}],"inLanguage":"de"},{"@type":"Organization","@id":"https:\/\/www.fwb-borchen.de\/#organization","name":"Freie W\u00e4hlergemeinschaft Borchen e. V.","url":"https:\/\/www.fwb-borchen.de\/","logo":{"@type":"ImageObject","inLanguage":"de","@id":"https:\/\/www.fwb-borchen.de\/#\/schema\/logo\/image\/","url":"https:\/\/i0.wp.com\/www.fwb-borchen.de\/wp-content\/uploads\/2020\/09\/2020_fwb_logo.jpg?fit=176%2C65&ssl=1","contentUrl":"https:\/\/i0.wp.com\/www.fwb-borchen.de\/wp-content\/uploads\/2020\/09\/2020_fwb_logo.jpg?fit=176%2C65&ssl=1","width":176,"height":65,"caption":"Freie W\u00e4hlergemeinschaft Borchen e. V."},"image":{"@id":"https:\/\/www.fwb-borchen.de\/#\/schema\/logo\/image\/"},"sameAs":["https:\/\/www.facebook.com\/fwbborchen"]},{"@type":"Person","@id":"https:\/\/www.fwb-borchen.de\/#\/schema\/person\/23cece1bc69327c7f2532fea65f76532","name":"fwbborch","image":{"@type":"ImageObject","inLanguage":"de","@id":"https:\/\/secure.gravatar.com\/avatar\/e1f0271a5af51a2c8f5a4185c4ee395a70fce94dfdd500fde7c1740cea4bae5b?s=96&d=mm&r=g","url":"https:\/\/secure.gravatar.com\/avatar\/e1f0271a5af51a2c8f5a4185c4ee395a70fce94dfdd500fde7c1740cea4bae5b?s=96&d=mm&r=g","contentUrl":"https:\/\/secure.gravatar.com\/avatar\/e1f0271a5af51a2c8f5a4185c4ee395a70fce94dfdd500fde7c1740cea4bae5b?s=96&d=mm&r=g","caption":"fwbborch"},"sameAs":["https:\/\/test.fwb-borchen.de"]}]}},"jetpack_featured_media_url":"https:\/\/i0.wp.com\/www.fwb-borchen.de\/wp-content\/uploads\/2024\/11\/fluglaerm_anfrage_antwort.jpg?fit=1200%2C801&ssl=1","jetpack_sharing_enabled":true,"_links":{"self":[{"href":"https:\/\/www.fwb-borchen.de\/index.php?rest_route=\/wp\/v2\/posts\/498","targetHints":{"allow":["GET"]}}],"collection":[{"href":"https:\/\/www.fwb-borchen.de\/index.php?rest_route=\/wp\/v2\/posts"}],"about":[{"href":"https:\/\/www.fwb-borchen.de\/index.php?rest_route=\/wp\/v2\/types\/post"}],"author":[{"embeddable":true,"href":"https:\/\/www.fwb-borchen.de\/index.php?rest_route=\/wp\/v2\/users\/1"}],"replies":[{"embeddable":true,"href":"https:\/\/www.fwb-borchen.de\/index.php?rest_route=%2Fwp%2Fv2%2Fcomments&post=498"}],"version-history":[{"count":3,"href":"https:\/\/www.fwb-borchen.de\/index.php?rest_route=\/wp\/v2\/posts\/498\/revisions"}],"predecessor-version":[{"id":503,"href":"https:\/\/www.fwb-borchen.de\/index.php?rest_route=\/wp\/v2\/posts\/498\/revisions\/503"}],"wp:featuredmedia":[{"embeddable":true,"href":"https:\/\/www.fwb-borchen.de\/index.php?rest_route=\/wp\/v2\/media\/499"}],"wp:attachment":[{"href":"https:\/\/www.fwb-borchen.de\/index.php?rest_route=%2Fwp%2Fv2%2Fmedia&parent=498"}],"wp:term":[{"taxonomy":"category","embeddable":true,"href":"https:\/\/www.fwb-borchen.de\/index.php?rest_route=%2Fwp%2Fv2%2Fcategories&post=498"},{"taxonomy":"post_tag","embeddable":true,"href":"https:\/\/www.fwb-borchen.de\/index.php?rest_route=%2Fwp%2Fv2%2Ftags&post=498"}],"curies":[{"name":"wp","href":"https:\/\/api.w.org\/{rel}","templated":true}]}}