{"id":478,"date":"2024-11-03T20:49:54","date_gmt":"2024-11-03T19:49:54","guid":{"rendered":"https:\/\/www.fwb-borchen.de\/?p=478"},"modified":"2025-02-16T16:01:35","modified_gmt":"2025-02-16T15:01:35","slug":"flughafen-paderborn-lippstadt-anfrage-der-fwb-an-die-bezirksregierung-muenster-zum-thema-fluglaerm","status":"publish","type":"post","link":"https:\/\/www.fwb-borchen.de\/?p=478","title":{"rendered":"Flughafen Paderborn \/ Lippstadt: Anfrage der FWB an die Bezirksregierung M\u00fcnster zum Thema Flugl\u00e4rm"},"content":{"rendered":"\n<figure class=\"wp-block-image size-large\"><img data-recalc-dims=\"1\" loading=\"lazy\" decoding=\"async\" width=\"910\" height=\"608\" src=\"https:\/\/i0.wp.com\/www.fwb-borchen.de\/wp-content\/uploads\/2024\/11\/fluglaerm_anfrage.jpg?resize=910%2C608&#038;ssl=1\" alt=\"Anfrage der FWB zum Thema Flugl\u00e4rm an die Bezirksregierung M\u00fcnster\" class=\"wp-image-479\" srcset=\"https:\/\/i0.wp.com\/www.fwb-borchen.de\/wp-content\/uploads\/2024\/11\/fluglaerm_anfrage.jpg?resize=1024%2C684&amp;ssl=1 1024w, https:\/\/i0.wp.com\/www.fwb-borchen.de\/wp-content\/uploads\/2024\/11\/fluglaerm_anfrage.jpg?resize=300%2C200&amp;ssl=1 300w, https:\/\/i0.wp.com\/www.fwb-borchen.de\/wp-content\/uploads\/2024\/11\/fluglaerm_anfrage.jpg?resize=768%2C513&amp;ssl=1 768w, https:\/\/i0.wp.com\/www.fwb-borchen.de\/wp-content\/uploads\/2024\/11\/fluglaerm_anfrage.jpg?w=1200&amp;ssl=1 1200w\" sizes=\"auto, (max-width: 910px) 100vw, 910px\" \/><figcaption class=\"wp-element-caption\">Anfrage der Freien W\u00e4hlergemeinschaft Borchen FWB zum Thema Flugl\u00e4rm am Flughafen Paderborn \/ Lippstadt an die Bezirksregierung M\u00fcnster<\/figcaption><\/figure>\n\n\n\n<p>Immer h\u00e4ufiger erreichen uns aus der Bev\u00f6lkerung Beschwerden \u00fcber den Flugl\u00e4rm in der Gemeinde Borchen. Durch den naheliegenden Flugplatz sind einige Ortsteile Borchens besonders betroffen. Zuletzt ist der Nachtflug immer mehr kritisiert worden, der seit der Pandemie deutlich zugenommen hat. Dar\u00fcber hinaus ist die Gemeinde durch den Autobahnl\u00e4rm vorbelastet.<\/p>\n\n\n\n<h2 class=\"wp-block-heading\">Gibt es die freiwillige Nachtflugbeschr\u00e4nkung noch?<\/h2>\n\n\n\n<p>In der Vergangenheit wurde wiederholt auf eine freiwillige Nachtflugbeschr\u00e4nkung hingewiesen, die weitere Regelungen unn\u00f6tig mache.<\/p>\n\n\n\n<p>Um eine genaueres Bild zum Thema Flugl\u00e4rm zu erhalten, haben wir eine Anfrage an die Bezirksregierung M\u00fcnster als zust\u00e4ndige Beh\u00f6rde gerichtet.<\/p>\n\n\n\n<ul class=\"wp-block-list\">\n<li>Hat die o. g. freiwillige Nachtflugbeschr\u00e4nkung weiterhin G\u00fcltigkeit?<\/li>\n\n\n\n<li>Liegt Ihnen diese vor und k\u00f6nnen Sie uns diese zukommen lassen, bzw. wo ist diese festgehalten und zwischen welchen Stellen wurde diese vereinbart?<\/li>\n\n\n\n<li>Liegen Ihnen Zahlen vor, wie viele Nachtfl\u00fcge \/ Tagfl\u00fcge in 2023 bzw. im ersten Halbjahr 2024 stattgefunden haben?<\/li>\n\n\n\n<li>Eine Durchsetzung eines Nachtflugverbots mindestens zwischen 12 Uhr nachts uns 5 Uhr morgen ist aus pr\u00e4ventiv-gesundheitlichen Gr\u00fcnden f\u00fcr die anliegenden Kommunen anstrebenswert und erforderlich. Gibt es hierzu eine Haltung der Bezirksregierung?<\/li>\n\n\n\n<li>Unter welchen Umst\u00e4nden bzw. Kriterien w\u00e4re die Durchsetzung eines Nachtflugverbotsm\u00f6glich?<\/li>\n\n\n\n<li>Welche Ma\u00dfnahmen wurden getroffen, um den Flugl\u00e4rm nachts zu reduzieren?<\/li>\n<\/ul>\n\n\n\n<p><\/p>\n","protected":false},"excerpt":{"rendered":"<p>Um ein genaueres Bild zum Thema Flugl\u00e4rm zu erhalten, haben wir eine Anfrage an die Bezirksregierung M\u00fcnster als zust\u00e4ndige Beh\u00f6rde gerichtet.<\/p>\n","protected":false},"author":1,"featured_media":479,"comment_status":"open","ping_status":"open","sticky":false,"template":"","format":"standard","meta":{"_jetpack_memberships_contains_paid_content":false,"footnotes":""},"categories":[1],"tags":[48,18,47,50],"class_list":["post-478","post","type-post","status-publish","format-standard","has-post-thumbnail","hentry","category-allgemein","tag-anfrage","tag-borchen","tag-fluglaerm","tag-gesundheit"],"yoast_head":"<!-- This site is optimized with the Yoast SEO plugin v27.5 - https:\/\/yoast.com\/product\/yoast-seo-wordpress\/ -->\n<title>Flughafen Paderborn \/ Lippstadt: Anfrage der FWB an die Bezirksregierung M\u00fcnster zum Thema Flugl\u00e4rm - Weil wir Borchen lieben<\/title>\n<meta name=\"robots\" content=\"index, follow, max-snippet:-1, max-image-preview:large, max-video-preview:-1\" \/>\n<link rel=\"canonical\" href=\"https:\/\/www.fwb-borchen.de\/?p=478\" \/>\n<meta property=\"og:locale\" content=\"de_DE\" \/>\n<meta property=\"og:type\" content=\"article\" \/>\n<meta property=\"og:title\" content=\"Flughafen Paderborn \/ Lippstadt: Anfrage der FWB an die Bezirksregierung M\u00fcnster zum Thema Flugl\u00e4rm - Weil wir Borchen lieben\" \/>\n<meta property=\"og:description\" content=\"Um ein genaueres Bild zum Thema Flugl\u00e4rm zu erhalten, haben wir eine Anfrage an die Bezirksregierung M\u00fcnster als zust\u00e4ndige Beh\u00f6rde gerichtet.\" \/>\n<meta property=\"og:url\" content=\"https:\/\/www.fwb-borchen.de\/?p=478\" \/>\n<meta property=\"og:site_name\" content=\"Weil wir Borchen lieben\" \/>\n<meta property=\"article:publisher\" content=\"https:\/\/www.facebook.com\/fwbborchen\" \/>\n<meta property=\"article:published_time\" content=\"2024-11-03T19:49:54+00:00\" \/>\n<meta property=\"article:modified_time\" content=\"2025-02-16T15:01:35+00:00\" \/>\n<meta property=\"og:image\" content=\"https:\/\/www.fwb-borchen.de\/wp-content\/uploads\/2024\/11\/fluglaerm_anfrage.jpg\" \/>\n\t<meta property=\"og:image:width\" content=\"1200\" \/>\n\t<meta property=\"og:image:height\" content=\"801\" \/>\n\t<meta property=\"og:image:type\" content=\"image\/jpeg\" \/>\n<meta name=\"author\" content=\"fwbborch\" \/>\n<meta name=\"twitter:card\" content=\"summary_large_image\" \/>\n<meta name=\"twitter:label1\" content=\"Verfasst von\" \/>\n\t<meta name=\"twitter:data1\" content=\"fwbborch\" \/>\n\t<meta name=\"twitter:label2\" content=\"Gesch\u00e4tzte Lesezeit\" \/>\n\t<meta name=\"twitter:data2\" content=\"2\u00a0Minuten\" \/>\n<script type=\"application\/ld+json\" class=\"yoast-schema-graph\">{\"@context\":\"https:\\\/\\\/schema.org\",\"@graph\":[{\"@type\":\"Article\",\"@id\":\"https:\\\/\\\/www.fwb-borchen.de\\\/?p=478#article\",\"isPartOf\":{\"@id\":\"https:\\\/\\\/www.fwb-borchen.de\\\/?p=478\"},\"author\":{\"name\":\"fwbborch\",\"@id\":\"https:\\\/\\\/www.fwb-borchen.de\\\/#\\\/schema\\\/person\\\/23cece1bc69327c7f2532fea65f76532\"},\"headline\":\"Flughafen Paderborn \\\/ Lippstadt: Anfrage der FWB an die Bezirksregierung M\u00fcnster zum Thema Flugl\u00e4rm\",\"datePublished\":\"2024-11-03T19:49:54+00:00\",\"dateModified\":\"2025-02-16T15:01:35+00:00\",\"mainEntityOfPage\":{\"@id\":\"https:\\\/\\\/www.fwb-borchen.de\\\/?p=478\"},\"wordCount\":246,\"commentCount\":0,\"publisher\":{\"@id\":\"https:\\\/\\\/www.fwb-borchen.de\\\/#organization\"},\"image\":{\"@id\":\"https:\\\/\\\/www.fwb-borchen.de\\\/?p=478#primaryimage\"},\"thumbnailUrl\":\"https:\\\/\\\/i0.wp.com\\\/www.fwb-borchen.de\\\/wp-content\\\/uploads\\\/2024\\\/11\\\/fluglaerm_anfrage.jpg?fit=1200%2C801&ssl=1\",\"keywords\":[\"Anfrage\",\"Borchen\",\"Flugl\u00e4rm\",\"Gesundheit\"],\"inLanguage\":\"de\",\"potentialAction\":[{\"@type\":\"CommentAction\",\"name\":\"Comment\",\"target\":[\"https:\\\/\\\/www.fwb-borchen.de\\\/?p=478#respond\"]}]},{\"@type\":\"WebPage\",\"@id\":\"https:\\\/\\\/www.fwb-borchen.de\\\/?p=478\",\"url\":\"https:\\\/\\\/www.fwb-borchen.de\\\/?p=478\",\"name\":\"Flughafen Paderborn \\\/ Lippstadt: Anfrage der FWB an die Bezirksregierung M\u00fcnster zum Thema Flugl\u00e4rm - Weil wir Borchen lieben\",\"isPartOf\":{\"@id\":\"https:\\\/\\\/www.fwb-borchen.de\\\/#website\"},\"primaryImageOfPage\":{\"@id\":\"https:\\\/\\\/www.fwb-borchen.de\\\/?p=478#primaryimage\"},\"image\":{\"@id\":\"https:\\\/\\\/www.fwb-borchen.de\\\/?p=478#primaryimage\"},\"thumbnailUrl\":\"https:\\\/\\\/i0.wp.com\\\/www.fwb-borchen.de\\\/wp-content\\\/uploads\\\/2024\\\/11\\\/fluglaerm_anfrage.jpg?fit=1200%2C801&ssl=1\",\"datePublished\":\"2024-11-03T19:49:54+00:00\",\"dateModified\":\"2025-02-16T15:01:35+00:00\",\"breadcrumb\":{\"@id\":\"https:\\\/\\\/www.fwb-borchen.de\\\/?p=478#breadcrumb\"},\"inLanguage\":\"de\",\"potentialAction\":[{\"@type\":\"ReadAction\",\"target\":[\"https:\\\/\\\/www.fwb-borchen.de\\\/?p=478\"]}]},{\"@type\":\"ImageObject\",\"inLanguage\":\"de\",\"@id\":\"https:\\\/\\\/www.fwb-borchen.de\\\/?p=478#primaryimage\",\"url\":\"https:\\\/\\\/i0.wp.com\\\/www.fwb-borchen.de\\\/wp-content\\\/uploads\\\/2024\\\/11\\\/fluglaerm_anfrage.jpg?fit=1200%2C801&ssl=1\",\"contentUrl\":\"https:\\\/\\\/i0.wp.com\\\/www.fwb-borchen.de\\\/wp-content\\\/uploads\\\/2024\\\/11\\\/fluglaerm_anfrage.jpg?fit=1200%2C801&ssl=1\",\"width\":1200,\"height\":801,\"caption\":\"Anfrage der Freien W\u00e4hlergemeinschaft Borchen FWB zum Thema Flugl\u00e4rm am Flughafen Paderborn \\\/ Lippstadt an die Bezirksregierung M\u00fcnster\"},{\"@type\":\"BreadcrumbList\",\"@id\":\"https:\\\/\\\/www.fwb-borchen.de\\\/?p=478#breadcrumb\",\"itemListElement\":[{\"@type\":\"ListItem\",\"position\":1,\"name\":\"Startseite\",\"item\":\"https:\\\/\\\/www.fwb-borchen.de\\\/\"},{\"@type\":\"ListItem\",\"position\":2,\"name\":\"Flughafen Paderborn \\\/ Lippstadt: Anfrage der FWB an die Bezirksregierung M\u00fcnster zum Thema Flugl\u00e4rm\"}]},{\"@type\":\"WebSite\",\"@id\":\"https:\\\/\\\/www.fwb-borchen.de\\\/#website\",\"url\":\"https:\\\/\\\/www.fwb-borchen.de\\\/\",\"name\":\"Weil wir Borchen lieben\",\"description\":\"\",\"publisher\":{\"@id\":\"https:\\\/\\\/www.fwb-borchen.de\\\/#organization\"},\"potentialAction\":[{\"@type\":\"SearchAction\",\"target\":{\"@type\":\"EntryPoint\",\"urlTemplate\":\"https:\\\/\\\/www.fwb-borchen.de\\\/?s={search_term_string}\"},\"query-input\":{\"@type\":\"PropertyValueSpecification\",\"valueRequired\":true,\"valueName\":\"search_term_string\"}}],\"inLanguage\":\"de\"},{\"@type\":\"Organization\",\"@id\":\"https:\\\/\\\/www.fwb-borchen.de\\\/#organization\",\"name\":\"Freie W\u00e4hlergemeinschaft Borchen e. V.\",\"url\":\"https:\\\/\\\/www.fwb-borchen.de\\\/\",\"logo\":{\"@type\":\"ImageObject\",\"inLanguage\":\"de\",\"@id\":\"https:\\\/\\\/www.fwb-borchen.de\\\/#\\\/schema\\\/logo\\\/image\\\/\",\"url\":\"https:\\\/\\\/i0.wp.com\\\/www.fwb-borchen.de\\\/wp-content\\\/uploads\\\/2020\\\/09\\\/2020_fwb_logo.jpg?fit=176%2C65&ssl=1\",\"contentUrl\":\"https:\\\/\\\/i0.wp.com\\\/www.fwb-borchen.de\\\/wp-content\\\/uploads\\\/2020\\\/09\\\/2020_fwb_logo.jpg?fit=176%2C65&ssl=1\",\"width\":176,\"height\":65,\"caption\":\"Freie W\u00e4hlergemeinschaft Borchen e. V.\"},\"image\":{\"@id\":\"https:\\\/\\\/www.fwb-borchen.de\\\/#\\\/schema\\\/logo\\\/image\\\/\"},\"sameAs\":[\"https:\\\/\\\/www.facebook.com\\\/fwbborchen\"]},{\"@type\":\"Person\",\"@id\":\"https:\\\/\\\/www.fwb-borchen.de\\\/#\\\/schema\\\/person\\\/23cece1bc69327c7f2532fea65f76532\",\"name\":\"fwbborch\",\"image\":{\"@type\":\"ImageObject\",\"inLanguage\":\"de\",\"@id\":\"https:\\\/\\\/secure.gravatar.com\\\/avatar\\\/e1f0271a5af51a2c8f5a4185c4ee395a70fce94dfdd500fde7c1740cea4bae5b?s=96&d=mm&r=g\",\"url\":\"https:\\\/\\\/secure.gravatar.com\\\/avatar\\\/e1f0271a5af51a2c8f5a4185c4ee395a70fce94dfdd500fde7c1740cea4bae5b?s=96&d=mm&r=g\",\"contentUrl\":\"https:\\\/\\\/secure.gravatar.com\\\/avatar\\\/e1f0271a5af51a2c8f5a4185c4ee395a70fce94dfdd500fde7c1740cea4bae5b?s=96&d=mm&r=g\",\"caption\":\"fwbborch\"},\"sameAs\":[\"https:\\\/\\\/test.fwb-borchen.de\"]}]}<\/script>\n<!-- \/ Yoast SEO plugin. -->","yoast_head_json":{"title":"Flughafen Paderborn \/ Lippstadt: Anfrage der FWB an die Bezirksregierung M\u00fcnster zum Thema Flugl\u00e4rm - Weil wir Borchen lieben","robots":{"index":"index","follow":"follow","max-snippet":"max-snippet:-1","max-image-preview":"max-image-preview:large","max-video-preview":"max-video-preview:-1"},"canonical":"https:\/\/www.fwb-borchen.de\/?p=478","og_locale":"de_DE","og_type":"article","og_title":"Flughafen Paderborn \/ Lippstadt: Anfrage der FWB an die Bezirksregierung M\u00fcnster zum Thema Flugl\u00e4rm - Weil wir Borchen lieben","og_description":"Um ein genaueres Bild zum Thema Flugl\u00e4rm zu erhalten, haben wir eine Anfrage an die Bezirksregierung M\u00fcnster als zust\u00e4ndige Beh\u00f6rde gerichtet.","og_url":"https:\/\/www.fwb-borchen.de\/?p=478","og_site_name":"Weil wir Borchen lieben","article_publisher":"https:\/\/www.facebook.com\/fwbborchen","article_published_time":"2024-11-03T19:49:54+00:00","article_modified_time":"2025-02-16T15:01:35+00:00","og_image":[{"width":1200,"height":801,"url":"https:\/\/www.fwb-borchen.de\/wp-content\/uploads\/2024\/11\/fluglaerm_anfrage.jpg","type":"image\/jpeg"}],"author":"fwbborch","twitter_card":"summary_large_image","twitter_misc":{"Verfasst von":"fwbborch","Gesch\u00e4tzte Lesezeit":"2\u00a0Minuten"},"schema":{"@context":"https:\/\/schema.org","@graph":[{"@type":"Article","@id":"https:\/\/www.fwb-borchen.de\/?p=478#article","isPartOf":{"@id":"https:\/\/www.fwb-borchen.de\/?p=478"},"author":{"name":"fwbborch","@id":"https:\/\/www.fwb-borchen.de\/#\/schema\/person\/23cece1bc69327c7f2532fea65f76532"},"headline":"Flughafen Paderborn \/ Lippstadt: Anfrage der FWB an die Bezirksregierung M\u00fcnster zum Thema Flugl\u00e4rm","datePublished":"2024-11-03T19:49:54+00:00","dateModified":"2025-02-16T15:01:35+00:00","mainEntityOfPage":{"@id":"https:\/\/www.fwb-borchen.de\/?p=478"},"wordCount":246,"commentCount":0,"publisher":{"@id":"https:\/\/www.fwb-borchen.de\/#organization"},"image":{"@id":"https:\/\/www.fwb-borchen.de\/?p=478#primaryimage"},"thumbnailUrl":"https:\/\/i0.wp.com\/www.fwb-borchen.de\/wp-content\/uploads\/2024\/11\/fluglaerm_anfrage.jpg?fit=1200%2C801&ssl=1","keywords":["Anfrage","Borchen","Flugl\u00e4rm","Gesundheit"],"inLanguage":"de","potentialAction":[{"@type":"CommentAction","name":"Comment","target":["https:\/\/www.fwb-borchen.de\/?p=478#respond"]}]},{"@type":"WebPage","@id":"https:\/\/www.fwb-borchen.de\/?p=478","url":"https:\/\/www.fwb-borchen.de\/?p=478","name":"Flughafen Paderborn \/ Lippstadt: Anfrage der FWB an die Bezirksregierung M\u00fcnster zum Thema Flugl\u00e4rm - Weil wir Borchen lieben","isPartOf":{"@id":"https:\/\/www.fwb-borchen.de\/#website"},"primaryImageOfPage":{"@id":"https:\/\/www.fwb-borchen.de\/?p=478#primaryimage"},"image":{"@id":"https:\/\/www.fwb-borchen.de\/?p=478#primaryimage"},"thumbnailUrl":"https:\/\/i0.wp.com\/www.fwb-borchen.de\/wp-content\/uploads\/2024\/11\/fluglaerm_anfrage.jpg?fit=1200%2C801&ssl=1","datePublished":"2024-11-03T19:49:54+00:00","dateModified":"2025-02-16T15:01:35+00:00","breadcrumb":{"@id":"https:\/\/www.fwb-borchen.de\/?p=478#breadcrumb"},"inLanguage":"de","potentialAction":[{"@type":"ReadAction","target":["https:\/\/www.fwb-borchen.de\/?p=478"]}]},{"@type":"ImageObject","inLanguage":"de","@id":"https:\/\/www.fwb-borchen.de\/?p=478#primaryimage","url":"https:\/\/i0.wp.com\/www.fwb-borchen.de\/wp-content\/uploads\/2024\/11\/fluglaerm_anfrage.jpg?fit=1200%2C801&ssl=1","contentUrl":"https:\/\/i0.wp.com\/www.fwb-borchen.de\/wp-content\/uploads\/2024\/11\/fluglaerm_anfrage.jpg?fit=1200%2C801&ssl=1","width":1200,"height":801,"caption":"Anfrage der Freien W\u00e4hlergemeinschaft Borchen FWB zum Thema Flugl\u00e4rm am Flughafen Paderborn \/ Lippstadt an die Bezirksregierung M\u00fcnster"},{"@type":"BreadcrumbList","@id":"https:\/\/www.fwb-borchen.de\/?p=478#breadcrumb","itemListElement":[{"@type":"ListItem","position":1,"name":"Startseite","item":"https:\/\/www.fwb-borchen.de\/"},{"@type":"ListItem","position":2,"name":"Flughafen Paderborn \/ Lippstadt: Anfrage der FWB an die Bezirksregierung M\u00fcnster zum Thema Flugl\u00e4rm"}]},{"@type":"WebSite","@id":"https:\/\/www.fwb-borchen.de\/#website","url":"https:\/\/www.fwb-borchen.de\/","name":"Weil wir Borchen lieben","description":"","publisher":{"@id":"https:\/\/www.fwb-borchen.de\/#organization"},"potentialAction":[{"@type":"SearchAction","target":{"@type":"EntryPoint","urlTemplate":"https:\/\/www.fwb-borchen.de\/?s={search_term_string}"},"query-input":{"@type":"PropertyValueSpecification","valueRequired":true,"valueName":"search_term_string"}}],"inLanguage":"de"},{"@type":"Organization","@id":"https:\/\/www.fwb-borchen.de\/#organization","name":"Freie W\u00e4hlergemeinschaft Borchen e. V.","url":"https:\/\/www.fwb-borchen.de\/","logo":{"@type":"ImageObject","inLanguage":"de","@id":"https:\/\/www.fwb-borchen.de\/#\/schema\/logo\/image\/","url":"https:\/\/i0.wp.com\/www.fwb-borchen.de\/wp-content\/uploads\/2020\/09\/2020_fwb_logo.jpg?fit=176%2C65&ssl=1","contentUrl":"https:\/\/i0.wp.com\/www.fwb-borchen.de\/wp-content\/uploads\/2020\/09\/2020_fwb_logo.jpg?fit=176%2C65&ssl=1","width":176,"height":65,"caption":"Freie W\u00e4hlergemeinschaft Borchen e. V."},"image":{"@id":"https:\/\/www.fwb-borchen.de\/#\/schema\/logo\/image\/"},"sameAs":["https:\/\/www.facebook.com\/fwbborchen"]},{"@type":"Person","@id":"https:\/\/www.fwb-borchen.de\/#\/schema\/person\/23cece1bc69327c7f2532fea65f76532","name":"fwbborch","image":{"@type":"ImageObject","inLanguage":"de","@id":"https:\/\/secure.gravatar.com\/avatar\/e1f0271a5af51a2c8f5a4185c4ee395a70fce94dfdd500fde7c1740cea4bae5b?s=96&d=mm&r=g","url":"https:\/\/secure.gravatar.com\/avatar\/e1f0271a5af51a2c8f5a4185c4ee395a70fce94dfdd500fde7c1740cea4bae5b?s=96&d=mm&r=g","contentUrl":"https:\/\/secure.gravatar.com\/avatar\/e1f0271a5af51a2c8f5a4185c4ee395a70fce94dfdd500fde7c1740cea4bae5b?s=96&d=mm&r=g","caption":"fwbborch"},"sameAs":["https:\/\/test.fwb-borchen.de"]}]}},"jetpack_featured_media_url":"https:\/\/i0.wp.com\/www.fwb-borchen.de\/wp-content\/uploads\/2024\/11\/fluglaerm_anfrage.jpg?fit=1200%2C801&ssl=1","jetpack_sharing_enabled":true,"_links":{"self":[{"href":"https:\/\/www.fwb-borchen.de\/index.php?rest_route=\/wp\/v2\/posts\/478","targetHints":{"allow":["GET"]}}],"collection":[{"href":"https:\/\/www.fwb-borchen.de\/index.php?rest_route=\/wp\/v2\/posts"}],"about":[{"href":"https:\/\/www.fwb-borchen.de\/index.php?rest_route=\/wp\/v2\/types\/post"}],"author":[{"embeddable":true,"href":"https:\/\/www.fwb-borchen.de\/index.php?rest_route=\/wp\/v2\/users\/1"}],"replies":[{"embeddable":true,"href":"https:\/\/www.fwb-borchen.de\/index.php?rest_route=%2Fwp%2Fv2%2Fcomments&post=478"}],"version-history":[{"count":4,"href":"https:\/\/www.fwb-borchen.de\/index.php?rest_route=\/wp\/v2\/posts\/478\/revisions"}],"predecessor-version":[{"id":483,"href":"https:\/\/www.fwb-borchen.de\/index.php?rest_route=\/wp\/v2\/posts\/478\/revisions\/483"}],"wp:featuredmedia":[{"embeddable":true,"href":"https:\/\/www.fwb-borchen.de\/index.php?rest_route=\/wp\/v2\/media\/479"}],"wp:attachment":[{"href":"https:\/\/www.fwb-borchen.de\/index.php?rest_route=%2Fwp%2Fv2%2Fmedia&parent=478"}],"wp:term":[{"taxonomy":"category","embeddable":true,"href":"https:\/\/www.fwb-borchen.de\/index.php?rest_route=%2Fwp%2Fv2%2Fcategories&post=478"},{"taxonomy":"post_tag","embeddable":true,"href":"https:\/\/www.fwb-borchen.de\/index.php?rest_route=%2Fwp%2Fv2%2Ftags&post=478"}],"curies":[{"name":"wp","href":"https:\/\/api.w.org\/{rel}","templated":true}]}}