{"id":200,"date":"2020-08-27T09:31:30","date_gmt":"2020-08-27T07:31:30","guid":{"rendered":"https:\/\/www.fwb-borchen.de\/?p=200"},"modified":"2020-08-28T21:31:14","modified_gmt":"2020-08-28T19:31:14","slug":"vorstellung-katrin-kemper","status":"publish","type":"post","link":"https:\/\/www.fwb-borchen.de\/?p=200","title":{"rendered":"Vorstellung: Kathrin Kemper"},"content":{"rendered":"\n<div class=\"wp-block-image\"><figure class=\"aligncenter size-large\"><img data-recalc-dims=\"1\" loading=\"lazy\" decoding=\"async\" width=\"720\" height=\"720\" src=\"https:\/\/i0.wp.com\/www.fwb-borchen.de\/wp-content\/uploads\/2020\/08\/kemper_kathrin_fwb_P1010032_1.jpg?resize=720%2C720&#038;ssl=1\" alt=\"Kathrin Kemper, FWB-Kandidatein Nordborchen\" class=\"wp-image-116\" srcset=\"https:\/\/i0.wp.com\/www.fwb-borchen.de\/wp-content\/uploads\/2020\/08\/kemper_kathrin_fwb_P1010032_1.jpg?w=720&amp;ssl=1 720w, https:\/\/i0.wp.com\/www.fwb-borchen.de\/wp-content\/uploads\/2020\/08\/kemper_kathrin_fwb_P1010032_1.jpg?resize=300%2C300&amp;ssl=1 300w, https:\/\/i0.wp.com\/www.fwb-borchen.de\/wp-content\/uploads\/2020\/08\/kemper_kathrin_fwb_P1010032_1.jpg?resize=150%2C150&amp;ssl=1 150w\" sizes=\"auto, (max-width: 720px) 100vw, 720px\" \/><\/figure><\/div>\n\n\n\n<p>ich hei\u00dfe Kathrin Kemper, bin 48 Jahre alt und lebe seit 2008 zusammen mit meiner Familie in Nordborchen.<\/p>\n\n\n\n<p>Ich arbeite als Qualit\u00e4tsmanagerin in einer Maschinenbau-Firma in Bielefeld, bin nebenbei seit \u00fcber 10 Jahren selbstst\u00e4ndig im Bereich Mediendesign und habe mein Gewerbe vor 7 Jahren um selbst gen\u00e4hte Kleidung und Dekorationsartikel erweitert.<\/p>\n\n\n\n<p>Ich bin ein noch recht neues Mitglied der Freien W\u00e4hlergemeinschaft Borchen (FWB) und trete in diesem Jahr das erste Mal bei der Kommunalwahl f\u00fcr die FWB im Wahlbezirk 7 an.&nbsp;<\/p>\n\n\n\n<p>F\u00fcr mich spielen Nachhaltigkeit und Umweltschutz eine gro\u00dfe Rolle \u2013 der Klimawandel ist da! Ich m\u00f6chte aber nicht nur auf damit einhergehende Probleme reagieren, sondern PROAKTIV mitwirken, diesen zu bremsen. Hier sind wir ALLE gefragt, jeder und jede Einzelne kann aktiv helfen, die Zukunft von uns und unseren Kindern positiv zu beeinflussen.<\/p>\n\n\n\n<p>Eines meiner Herzensprojekte ist dabei die BBB Initiative (Bring Back Bag), die ich im Oktober 2019 gegr\u00fcndet habe. Viele Borchener Einzelh\u00e4ndler haben sich angeschlossen und bieten die aus Reststoffen gen\u00e4hten Einkaufsbeutel in ihrem Gesch\u00e4ft zum Ausleihen an. Leider hat uns Corona ein St\u00fcck zur\u00fcckgeworfen, da sie derzeit aus Hygienegr\u00fcnden vorerst nicht mehr angeboten werden. Wir werden aber so schnell wie m\u00f6glich damit wieder durchstarten!<\/p>\n\n\n\n<p>Zudem muss unser Verst\u00e4ndnis von Naturschutz noch weitergehen! Um einem weiteren Insektensterben entgegen zu wirken, brauchen wir noch mehr Bl\u00fchfl\u00e4chen. Viele Landwirte unterst\u00fctzen dieses Vorhaben bereits, ein Danke an dieser Stelle! Wir brauchen jedoch noch viel mehr und hier kann wirklich JEDER mitwirken \u2013 lasst uns tote Steing\u00e4rten in Oasen voller Leben verwandeln! H\u00e4ngt Nisthilfen f\u00fcr V\u00f6gel und Insekten auf! Verbannt RoundUp u.\u00e4. aus Euren G\u00e4rten!&nbsp;<\/p>\n\n\n\n<p>Als Mutter von einem Sohn (8 Jahre), der zurzeit in die Grundschule in Nordborchen geht, sind mir Themen zur Verbesserung der Bildungspolitik und zur Optimierung von Freizeitm\u00f6glichkeiten \u00e4u\u00dferst wichtig. Bez\u00fcglich Digitalisierung der Schulen stehen wir in Borchen gro\u00dfteils erst ganz am Anfang, ich bin davon \u00fcberzeugt, dass wir hier dringend handeln m\u00fcssen, damit wir nicht abgeh\u00e4ngt werden. Borchen verf\u00fcgt bereits \u00fcber einige tolle Freizeitm\u00f6glichkeiten, mit der Erweiterung der Neubaugebiete brauchen wir aber noch mehr Angebote. Zudem sollten offizielle, freundliche Treffpunkte f\u00fcr Jugendliche geschaffen werden.<\/p>\n\n\n\n<p>F\u00fcr die kommunalpolitische Arbeit w\u00fcnsche ich mir, dass zuk\u00fcnftig eine sachorientierte respektvolle Gespr\u00e4chskultur erm\u00f6glicht wird, die nur eines zum Ziel hat: mehr Lebensqualit\u00e4t f\u00fcr ALLE Borchenerinnen und Borchener.&nbsp;<\/p>\n\n\n\n<p>Mit diesen Themen f\u00fchle ich mich in der Freien W\u00e4hlergemeinschaft sehr gut aufgehoben, da sie parteiunabh\u00e4ngig ist und sich allein f\u00fcr die Bedarfe und Bed\u00fcrfnisse von Borchen einsetzt. Sehen Sie sich doch einmal das vollst\u00e4ndige Wahlprogramm der FWB an und entscheiden Sie sich am 13.9.2020 f\u00fcr Borchen, indem Sie Ihre Stimme der FWB geben.<\/p>\n\n\n\n<p>\u201eFWB,weil wir Borchen lieben\u201c \u2013 Ihre Kathrin Kemper<\/p>\n","protected":false},"excerpt":{"rendered":"<p>ich hei\u00dfe Kathrin Kemper, bin 48 Jahre alt und lebe seit 2008 zusammen mit meiner Familie in Nordborchen. Ich arbeite als Qualit\u00e4tsmanagerin in einer Maschinenbau-Firma in Bielefeld, bin nebenbei seit \u00fcber 10 Jahren selbstst\u00e4ndig im Bereich Mediendesign und habe mein<\/p>\n","protected":false},"author":1,"featured_media":116,"comment_status":"open","ping_status":"open","sticky":false,"template":"templates\/template-no-sidebar.php","format":"standard","meta":{"_jetpack_memberships_contains_paid_content":false,"footnotes":""},"categories":[1],"tags":[],"class_list":["post-200","post","type-post","status-publish","format-standard","has-post-thumbnail","hentry","category-allgemein"],"yoast_head":"<!-- This site is optimized with the Yoast SEO plugin v27.5 - https:\/\/yoast.com\/product\/yoast-seo-wordpress\/ -->\n<title>Vorstellung: Kathrin Kemper - Weil wir Borchen lieben<\/title>\n<meta name=\"robots\" content=\"index, follow, max-snippet:-1, max-image-preview:large, max-video-preview:-1\" \/>\n<link rel=\"canonical\" href=\"https:\/\/www.fwb-borchen.de\/?p=200\" \/>\n<meta property=\"og:locale\" content=\"de_DE\" \/>\n<meta property=\"og:type\" content=\"article\" \/>\n<meta property=\"og:title\" content=\"Vorstellung: Kathrin Kemper - Weil wir Borchen lieben\" \/>\n<meta property=\"og:description\" content=\"ich hei\u00dfe Kathrin Kemper, bin 48 Jahre alt und lebe seit 2008 zusammen mit meiner Familie in Nordborchen. Ich arbeite als Qualit\u00e4tsmanagerin in einer Maschinenbau-Firma in Bielefeld, bin nebenbei seit \u00fcber 10 Jahren selbstst\u00e4ndig im Bereich Mediendesign und habe mein\" \/>\n<meta property=\"og:url\" content=\"https:\/\/www.fwb-borchen.de\/?p=200\" \/>\n<meta property=\"og:site_name\" content=\"Weil wir Borchen lieben\" \/>\n<meta property=\"article:publisher\" content=\"https:\/\/www.facebook.com\/fwbborchen\" \/>\n<meta property=\"article:published_time\" content=\"2020-08-27T07:31:30+00:00\" \/>\n<meta property=\"article:modified_time\" content=\"2020-08-28T19:31:14+00:00\" \/>\n<meta property=\"og:image\" content=\"https:\/\/www.fwb-borchen.de\/wp-content\/uploads\/2020\/08\/kemper_kathrin_fwb_P1010032_1.jpg\" \/>\n\t<meta property=\"og:image:width\" content=\"720\" \/>\n\t<meta property=\"og:image:height\" content=\"720\" \/>\n\t<meta property=\"og:image:type\" content=\"image\/jpeg\" \/>\n<meta name=\"author\" content=\"fwbborch\" \/>\n<meta name=\"twitter:card\" content=\"summary_large_image\" \/>\n<meta name=\"twitter:label1\" content=\"Verfasst von\" \/>\n\t<meta name=\"twitter:data1\" content=\"fwbborch\" \/>\n\t<meta name=\"twitter:label2\" content=\"Gesch\u00e4tzte Lesezeit\" \/>\n\t<meta name=\"twitter:data2\" content=\"2\u00a0Minuten\" \/>\n<script type=\"application\/ld+json\" class=\"yoast-schema-graph\">{\"@context\":\"https:\\\/\\\/schema.org\",\"@graph\":[{\"@type\":\"Article\",\"@id\":\"https:\\\/\\\/www.fwb-borchen.de\\\/?p=200#article\",\"isPartOf\":{\"@id\":\"https:\\\/\\\/www.fwb-borchen.de\\\/?p=200\"},\"author\":{\"name\":\"fwbborch\",\"@id\":\"https:\\\/\\\/www.fwb-borchen.de\\\/#\\\/schema\\\/person\\\/23cece1bc69327c7f2532fea65f76532\"},\"headline\":\"Vorstellung: Kathrin Kemper\",\"datePublished\":\"2020-08-27T07:31:30+00:00\",\"dateModified\":\"2020-08-28T19:31:14+00:00\",\"mainEntityOfPage\":{\"@id\":\"https:\\\/\\\/www.fwb-borchen.de\\\/?p=200\"},\"wordCount\":482,\"commentCount\":0,\"publisher\":{\"@id\":\"https:\\\/\\\/www.fwb-borchen.de\\\/#organization\"},\"image\":{\"@id\":\"https:\\\/\\\/www.fwb-borchen.de\\\/?p=200#primaryimage\"},\"thumbnailUrl\":\"https:\\\/\\\/i0.wp.com\\\/www.fwb-borchen.de\\\/wp-content\\\/uploads\\\/2020\\\/08\\\/kemper_kathrin_fwb_P1010032_1.jpg?fit=720%2C720&ssl=1\",\"inLanguage\":\"de\",\"potentialAction\":[{\"@type\":\"CommentAction\",\"name\":\"Comment\",\"target\":[\"https:\\\/\\\/www.fwb-borchen.de\\\/?p=200#respond\"]}]},{\"@type\":\"WebPage\",\"@id\":\"https:\\\/\\\/www.fwb-borchen.de\\\/?p=200\",\"url\":\"https:\\\/\\\/www.fwb-borchen.de\\\/?p=200\",\"name\":\"Vorstellung: Kathrin Kemper - Weil wir Borchen lieben\",\"isPartOf\":{\"@id\":\"https:\\\/\\\/www.fwb-borchen.de\\\/#website\"},\"primaryImageOfPage\":{\"@id\":\"https:\\\/\\\/www.fwb-borchen.de\\\/?p=200#primaryimage\"},\"image\":{\"@id\":\"https:\\\/\\\/www.fwb-borchen.de\\\/?p=200#primaryimage\"},\"thumbnailUrl\":\"https:\\\/\\\/i0.wp.com\\\/www.fwb-borchen.de\\\/wp-content\\\/uploads\\\/2020\\\/08\\\/kemper_kathrin_fwb_P1010032_1.jpg?fit=720%2C720&ssl=1\",\"datePublished\":\"2020-08-27T07:31:30+00:00\",\"dateModified\":\"2020-08-28T19:31:14+00:00\",\"breadcrumb\":{\"@id\":\"https:\\\/\\\/www.fwb-borchen.de\\\/?p=200#breadcrumb\"},\"inLanguage\":\"de\",\"potentialAction\":[{\"@type\":\"ReadAction\",\"target\":[\"https:\\\/\\\/www.fwb-borchen.de\\\/?p=200\"]}]},{\"@type\":\"ImageObject\",\"inLanguage\":\"de\",\"@id\":\"https:\\\/\\\/www.fwb-borchen.de\\\/?p=200#primaryimage\",\"url\":\"https:\\\/\\\/i0.wp.com\\\/www.fwb-borchen.de\\\/wp-content\\\/uploads\\\/2020\\\/08\\\/kemper_kathrin_fwb_P1010032_1.jpg?fit=720%2C720&ssl=1\",\"contentUrl\":\"https:\\\/\\\/i0.wp.com\\\/www.fwb-borchen.de\\\/wp-content\\\/uploads\\\/2020\\\/08\\\/kemper_kathrin_fwb_P1010032_1.jpg?fit=720%2C720&ssl=1\",\"width\":720,\"height\":720,\"caption\":\"Kathrin Kemper, FWB-Kandidatein Nordborchen\"},{\"@type\":\"BreadcrumbList\",\"@id\":\"https:\\\/\\\/www.fwb-borchen.de\\\/?p=200#breadcrumb\",\"itemListElement\":[{\"@type\":\"ListItem\",\"position\":1,\"name\":\"Startseite\",\"item\":\"https:\\\/\\\/www.fwb-borchen.de\\\/\"},{\"@type\":\"ListItem\",\"position\":2,\"name\":\"Vorstellung: Kathrin Kemper\"}]},{\"@type\":\"WebSite\",\"@id\":\"https:\\\/\\\/www.fwb-borchen.de\\\/#website\",\"url\":\"https:\\\/\\\/www.fwb-borchen.de\\\/\",\"name\":\"Weil wir Borchen lieben\",\"description\":\"\",\"publisher\":{\"@id\":\"https:\\\/\\\/www.fwb-borchen.de\\\/#organization\"},\"potentialAction\":[{\"@type\":\"SearchAction\",\"target\":{\"@type\":\"EntryPoint\",\"urlTemplate\":\"https:\\\/\\\/www.fwb-borchen.de\\\/?s={search_term_string}\"},\"query-input\":{\"@type\":\"PropertyValueSpecification\",\"valueRequired\":true,\"valueName\":\"search_term_string\"}}],\"inLanguage\":\"de\"},{\"@type\":\"Organization\",\"@id\":\"https:\\\/\\\/www.fwb-borchen.de\\\/#organization\",\"name\":\"Freie W\u00e4hlergemeinschaft Borchen e. V.\",\"url\":\"https:\\\/\\\/www.fwb-borchen.de\\\/\",\"logo\":{\"@type\":\"ImageObject\",\"inLanguage\":\"de\",\"@id\":\"https:\\\/\\\/www.fwb-borchen.de\\\/#\\\/schema\\\/logo\\\/image\\\/\",\"url\":\"https:\\\/\\\/i0.wp.com\\\/www.fwb-borchen.de\\\/wp-content\\\/uploads\\\/2020\\\/09\\\/2020_fwb_logo.jpg?fit=176%2C65&ssl=1\",\"contentUrl\":\"https:\\\/\\\/i0.wp.com\\\/www.fwb-borchen.de\\\/wp-content\\\/uploads\\\/2020\\\/09\\\/2020_fwb_logo.jpg?fit=176%2C65&ssl=1\",\"width\":176,\"height\":65,\"caption\":\"Freie W\u00e4hlergemeinschaft Borchen e. V.\"},\"image\":{\"@id\":\"https:\\\/\\\/www.fwb-borchen.de\\\/#\\\/schema\\\/logo\\\/image\\\/\"},\"sameAs\":[\"https:\\\/\\\/www.facebook.com\\\/fwbborchen\"]},{\"@type\":\"Person\",\"@id\":\"https:\\\/\\\/www.fwb-borchen.de\\\/#\\\/schema\\\/person\\\/23cece1bc69327c7f2532fea65f76532\",\"name\":\"fwbborch\",\"image\":{\"@type\":\"ImageObject\",\"inLanguage\":\"de\",\"@id\":\"https:\\\/\\\/secure.gravatar.com\\\/avatar\\\/e1f0271a5af51a2c8f5a4185c4ee395a70fce94dfdd500fde7c1740cea4bae5b?s=96&d=mm&r=g\",\"url\":\"https:\\\/\\\/secure.gravatar.com\\\/avatar\\\/e1f0271a5af51a2c8f5a4185c4ee395a70fce94dfdd500fde7c1740cea4bae5b?s=96&d=mm&r=g\",\"contentUrl\":\"https:\\\/\\\/secure.gravatar.com\\\/avatar\\\/e1f0271a5af51a2c8f5a4185c4ee395a70fce94dfdd500fde7c1740cea4bae5b?s=96&d=mm&r=g\",\"caption\":\"fwbborch\"},\"sameAs\":[\"https:\\\/\\\/test.fwb-borchen.de\"]}]}<\/script>\n<!-- \/ Yoast SEO plugin. -->","yoast_head_json":{"title":"Vorstellung: Kathrin Kemper - Weil wir Borchen lieben","robots":{"index":"index","follow":"follow","max-snippet":"max-snippet:-1","max-image-preview":"max-image-preview:large","max-video-preview":"max-video-preview:-1"},"canonical":"https:\/\/www.fwb-borchen.de\/?p=200","og_locale":"de_DE","og_type":"article","og_title":"Vorstellung: Kathrin Kemper - Weil wir Borchen lieben","og_description":"ich hei\u00dfe Kathrin Kemper, bin 48 Jahre alt und lebe seit 2008 zusammen mit meiner Familie in Nordborchen. Ich arbeite als Qualit\u00e4tsmanagerin in einer Maschinenbau-Firma in Bielefeld, bin nebenbei seit \u00fcber 10 Jahren selbstst\u00e4ndig im Bereich Mediendesign und habe mein","og_url":"https:\/\/www.fwb-borchen.de\/?p=200","og_site_name":"Weil wir Borchen lieben","article_publisher":"https:\/\/www.facebook.com\/fwbborchen","article_published_time":"2020-08-27T07:31:30+00:00","article_modified_time":"2020-08-28T19:31:14+00:00","og_image":[{"width":720,"height":720,"url":"https:\/\/www.fwb-borchen.de\/wp-content\/uploads\/2020\/08\/kemper_kathrin_fwb_P1010032_1.jpg","type":"image\/jpeg"}],"author":"fwbborch","twitter_card":"summary_large_image","twitter_misc":{"Verfasst von":"fwbborch","Gesch\u00e4tzte Lesezeit":"2\u00a0Minuten"},"schema":{"@context":"https:\/\/schema.org","@graph":[{"@type":"Article","@id":"https:\/\/www.fwb-borchen.de\/?p=200#article","isPartOf":{"@id":"https:\/\/www.fwb-borchen.de\/?p=200"},"author":{"name":"fwbborch","@id":"https:\/\/www.fwb-borchen.de\/#\/schema\/person\/23cece1bc69327c7f2532fea65f76532"},"headline":"Vorstellung: Kathrin Kemper","datePublished":"2020-08-27T07:31:30+00:00","dateModified":"2020-08-28T19:31:14+00:00","mainEntityOfPage":{"@id":"https:\/\/www.fwb-borchen.de\/?p=200"},"wordCount":482,"commentCount":0,"publisher":{"@id":"https:\/\/www.fwb-borchen.de\/#organization"},"image":{"@id":"https:\/\/www.fwb-borchen.de\/?p=200#primaryimage"},"thumbnailUrl":"https:\/\/i0.wp.com\/www.fwb-borchen.de\/wp-content\/uploads\/2020\/08\/kemper_kathrin_fwb_P1010032_1.jpg?fit=720%2C720&ssl=1","inLanguage":"de","potentialAction":[{"@type":"CommentAction","name":"Comment","target":["https:\/\/www.fwb-borchen.de\/?p=200#respond"]}]},{"@type":"WebPage","@id":"https:\/\/www.fwb-borchen.de\/?p=200","url":"https:\/\/www.fwb-borchen.de\/?p=200","name":"Vorstellung: Kathrin Kemper - Weil wir Borchen lieben","isPartOf":{"@id":"https:\/\/www.fwb-borchen.de\/#website"},"primaryImageOfPage":{"@id":"https:\/\/www.fwb-borchen.de\/?p=200#primaryimage"},"image":{"@id":"https:\/\/www.fwb-borchen.de\/?p=200#primaryimage"},"thumbnailUrl":"https:\/\/i0.wp.com\/www.fwb-borchen.de\/wp-content\/uploads\/2020\/08\/kemper_kathrin_fwb_P1010032_1.jpg?fit=720%2C720&ssl=1","datePublished":"2020-08-27T07:31:30+00:00","dateModified":"2020-08-28T19:31:14+00:00","breadcrumb":{"@id":"https:\/\/www.fwb-borchen.de\/?p=200#breadcrumb"},"inLanguage":"de","potentialAction":[{"@type":"ReadAction","target":["https:\/\/www.fwb-borchen.de\/?p=200"]}]},{"@type":"ImageObject","inLanguage":"de","@id":"https:\/\/www.fwb-borchen.de\/?p=200#primaryimage","url":"https:\/\/i0.wp.com\/www.fwb-borchen.de\/wp-content\/uploads\/2020\/08\/kemper_kathrin_fwb_P1010032_1.jpg?fit=720%2C720&ssl=1","contentUrl":"https:\/\/i0.wp.com\/www.fwb-borchen.de\/wp-content\/uploads\/2020\/08\/kemper_kathrin_fwb_P1010032_1.jpg?fit=720%2C720&ssl=1","width":720,"height":720,"caption":"Kathrin Kemper, FWB-Kandidatein Nordborchen"},{"@type":"BreadcrumbList","@id":"https:\/\/www.fwb-borchen.de\/?p=200#breadcrumb","itemListElement":[{"@type":"ListItem","position":1,"name":"Startseite","item":"https:\/\/www.fwb-borchen.de\/"},{"@type":"ListItem","position":2,"name":"Vorstellung: Kathrin Kemper"}]},{"@type":"WebSite","@id":"https:\/\/www.fwb-borchen.de\/#website","url":"https:\/\/www.fwb-borchen.de\/","name":"Weil wir Borchen lieben","description":"","publisher":{"@id":"https:\/\/www.fwb-borchen.de\/#organization"},"potentialAction":[{"@type":"SearchAction","target":{"@type":"EntryPoint","urlTemplate":"https:\/\/www.fwb-borchen.de\/?s={search_term_string}"},"query-input":{"@type":"PropertyValueSpecification","valueRequired":true,"valueName":"search_term_string"}}],"inLanguage":"de"},{"@type":"Organization","@id":"https:\/\/www.fwb-borchen.de\/#organization","name":"Freie W\u00e4hlergemeinschaft Borchen e. V.","url":"https:\/\/www.fwb-borchen.de\/","logo":{"@type":"ImageObject","inLanguage":"de","@id":"https:\/\/www.fwb-borchen.de\/#\/schema\/logo\/image\/","url":"https:\/\/i0.wp.com\/www.fwb-borchen.de\/wp-content\/uploads\/2020\/09\/2020_fwb_logo.jpg?fit=176%2C65&ssl=1","contentUrl":"https:\/\/i0.wp.com\/www.fwb-borchen.de\/wp-content\/uploads\/2020\/09\/2020_fwb_logo.jpg?fit=176%2C65&ssl=1","width":176,"height":65,"caption":"Freie W\u00e4hlergemeinschaft Borchen e. V."},"image":{"@id":"https:\/\/www.fwb-borchen.de\/#\/schema\/logo\/image\/"},"sameAs":["https:\/\/www.facebook.com\/fwbborchen"]},{"@type":"Person","@id":"https:\/\/www.fwb-borchen.de\/#\/schema\/person\/23cece1bc69327c7f2532fea65f76532","name":"fwbborch","image":{"@type":"ImageObject","inLanguage":"de","@id":"https:\/\/secure.gravatar.com\/avatar\/e1f0271a5af51a2c8f5a4185c4ee395a70fce94dfdd500fde7c1740cea4bae5b?s=96&d=mm&r=g","url":"https:\/\/secure.gravatar.com\/avatar\/e1f0271a5af51a2c8f5a4185c4ee395a70fce94dfdd500fde7c1740cea4bae5b?s=96&d=mm&r=g","contentUrl":"https:\/\/secure.gravatar.com\/avatar\/e1f0271a5af51a2c8f5a4185c4ee395a70fce94dfdd500fde7c1740cea4bae5b?s=96&d=mm&r=g","caption":"fwbborch"},"sameAs":["https:\/\/test.fwb-borchen.de"]}]}},"jetpack_featured_media_url":"https:\/\/i0.wp.com\/www.fwb-borchen.de\/wp-content\/uploads\/2020\/08\/kemper_kathrin_fwb_P1010032_1.jpg?fit=720%2C720&ssl=1","jetpack_sharing_enabled":true,"_links":{"self":[{"href":"https:\/\/www.fwb-borchen.de\/index.php?rest_route=\/wp\/v2\/posts\/200","targetHints":{"allow":["GET"]}}],"collection":[{"href":"https:\/\/www.fwb-borchen.de\/index.php?rest_route=\/wp\/v2\/posts"}],"about":[{"href":"https:\/\/www.fwb-borchen.de\/index.php?rest_route=\/wp\/v2\/types\/post"}],"author":[{"embeddable":true,"href":"https:\/\/www.fwb-borchen.de\/index.php?rest_route=\/wp\/v2\/users\/1"}],"replies":[{"embeddable":true,"href":"https:\/\/www.fwb-borchen.de\/index.php?rest_route=%2Fwp%2Fv2%2Fcomments&post=200"}],"version-history":[{"count":4,"href":"https:\/\/www.fwb-borchen.de\/index.php?rest_route=\/wp\/v2\/posts\/200\/revisions"}],"predecessor-version":[{"id":209,"href":"https:\/\/www.fwb-borchen.de\/index.php?rest_route=\/wp\/v2\/posts\/200\/revisions\/209"}],"wp:featuredmedia":[{"embeddable":true,"href":"https:\/\/www.fwb-borchen.de\/index.php?rest_route=\/wp\/v2\/media\/116"}],"wp:attachment":[{"href":"https:\/\/www.fwb-borchen.de\/index.php?rest_route=%2Fwp%2Fv2%2Fmedia&parent=200"}],"wp:term":[{"taxonomy":"category","embeddable":true,"href":"https:\/\/www.fwb-borchen.de\/index.php?rest_route=%2Fwp%2Fv2%2Fcategories&post=200"},{"taxonomy":"post_tag","embeddable":true,"href":"https:\/\/www.fwb-borchen.de\/index.php?rest_route=%2Fwp%2Fv2%2Ftags&post=200"}],"curies":[{"name":"wp","href":"https:\/\/api.w.org\/{rel}","templated":true}]}}