{"id":160,"date":"2020-08-18T17:08:49","date_gmt":"2020-08-18T15:08:49","guid":{"rendered":"https:\/\/test.fwb-borchen.de\/?p=160"},"modified":"2020-08-23T17:21:54","modified_gmt":"2020-08-23T15:21:54","slug":"weil-wir-borchen-lieben-fwb-kandidatinnen-zur-kommunalwahl","status":"publish","type":"post","link":"https:\/\/www.fwb-borchen.de\/?p=160","title":{"rendered":"&#8222;Weil wir Borchen lieben&#8230;&#8220; &#8211; FWB-KandidatInnen zur Kommunalwahl"},"content":{"rendered":"\n<p>Unter dem Leitgedanken \u201eweil wir Borchen lieben\u201c tritt die Freie W\u00e4hlergemeinschaft Borchen (FWB) mit 9 Frauen und 5 M\u00e4nnern zur Kommunalwahl am 13. September 2020 an. \u201eWir wollen Erneuerung f\u00fcr Borchen, sozialen Zusammenhalt sowie eine neue Gespr\u00e4chs- und Politik\u00adkultur\u201c, betonen die beiden Vorsitzenden Thomas Pagel und Carsten Koch. <\/p>\n\n\n\n<h3 class=\"wp-block-heading\">Borchener Rat als Spiegel der Gesellschaft<\/h3>\n\n\n\n<p>\u201eEs freut uns besonders, dass wir f\u00fcr unsere ersten vier Spitzenpl\u00e4tze mit Astrid Lagers und Katrin Klugmann zwei sehr qualifizierte und motivierte Frauen gewinnen konnten\u201c. Beide sind durch die Seminarreihe \u201eStarke Frauen \u2013 Starke Kommunen\u201c bestens auf die politische Arbeit vorbereitet und erg\u00e4nzen das breit aufgestellte Team. Im Rat sind Politikerinnen aktuell unter\u00adrepr\u00e4sentiert und auch auf den Wahllisten f\u00fcr die zuk\u00fcnftige Gemeinde\u00advertretung kaum vertreten. Insbesondere f\u00fcr den Rat sei jedoch ein ausgewogenes Verh\u00e4ltnis wichtig, um als Spiegel der Gemeinschaft politische Entscheidungen nachvollziehbar und im Miteinander treffen zu k\u00f6nnen.<\/p>\n\n\n\n<h3 class=\"wp-block-heading\">Familienfreundlich, \u00f6kologisch &amp; sozial<\/h3>\n\n\n\n<p>Mit ihrem Wahlprogramm setzt die FWB den Kurs einer familienfreundlichen, \u00f6kologischen und sozialen Politik fort. Zu den Zielen geh\u00f6rt unter anderem die schrittweise Sanierung der Schulgeb\u00e4ude, die St\u00e4rkung der Familien sowie die F\u00f6rderung der Integration. Die Neuplanung der Entlastungsstra\u00dfe mit einer Anbindung an Kirchborchen steht neben dem Klimaschutz ebenso im Vordergrund, wie die Verbesserung der Wohnqualit\u00e4t, eine orts\u00fcbergreifende, sozial gerechtere Ferienbetreuung, die Optimierung des L\u00e4rmschutzes an der A33 als auch einer h\u00f6heren W\u00fcrdigung des Ehrenamtes.<\/p>\n\n\n\n<h3 class=\"wp-block-heading\">Frei von Bundes- und Landesinteressen und nur f\u00fcr Borchen<\/h3>\n\n\n\n<p>\u201eAls Freie W\u00e4hlergemeinschaft machen wir gezielt Politik nur f\u00fcr unseren Ort und unsere Heimat, eben weil wir frei von den Landes- und Bundesinteressen anderen Parteien sein wollen\u201c, betonen Carsten Koch und Thomas Pagel. \u201eDiese Entscheidungsfreiheit zeichnet uns aus, wenn es darum geht, auf Bed\u00fcrfnisse einzugehen oder Themen zu bearbeiten, die f\u00fcr Borchen von Bedeutung sind\u201c.<\/p>\n\n\n\n<p>Damit sich jeder vom vollst\u00e4ndigen Programm der FWB eine eigene Meinung bilden k\u00f6nne, werde dieses noch vor der Wahl an die Haushalte verteilt.<\/p>\n\n\n\n<p>Liste Freie W\u00e4hergemeinschaft Borchen:<\/p>\n\n\n\n<p>1: Carsten Koch<br>2: Astrid Lagers<br>3: Katrin Klugmann<br>4: Thomas Pagel<br>5: Mariana Menne-Koch<br>6: Benjamin Kartarius<br>7: Claudia Pagel<br>8: Kathrin Kemper<br>9: Inge Dykmann<br>10: Edeltraud Weritz<br>11: Alexandra Schulz<br>12: Mario Kemper<br>13: Herbert Galle<br>14: Helga Joachim<\/p>\n\n\n\n<p>Wahlbezirk 1: Mariana Menne-Koch<br>Wahlbezirk 2: Astrid Lagers<br>Wahlbezirk 3: Benjamin Kartarius<br>Wahlbezirk 4: Herbert Galle<br>Wahlbezirk 5: Edeltraud Weritz<br>Wahlbezirk 6: Thomas Pagel<br>Wahlbezirk 7: Kathrin Kemper<br>Wahlbezirk 8: Claudia Pagel<br>Wahlbezirk 9: Carsten Koch<br>Wahlbezirk 10: Katrin Klugmann<br>Wahlbezirk 11: Alexandra Schulz<br>Wahlbezirk 12: Inge Dykmann<br>Wahlbezirk 13: Mario Kemper<br>Wahlbezirk 14: Helga Joachim<\/p>\n","protected":false},"excerpt":{"rendered":"<p>Unter dem Leitgedanken \u201eweil wir Borchen lieben\u201c tritt die Freie W\u00e4hlergemeinschaft Borchen (FWB) mit 9 Frauen und 5 M\u00e4nnern zur Kommunalwahl am 13. September 2020 an. \u201eWir wollen Erneuerung f\u00fcr Borchen, sozialen Zusammenhalt sowie eine neue Gespr\u00e4chs- und Politik\u00adkultur\u201c, betonen<\/p>\n","protected":false},"author":1,"featured_media":163,"comment_status":"open","ping_status":"open","sticky":false,"template":"","format":"standard","meta":{"_jetpack_memberships_contains_paid_content":false,"footnotes":""},"categories":[1],"tags":[14,18,19,11,17,7,20],"class_list":["post-160","post","type-post","status-publish","format-standard","has-post-thumbnail","hentry","category-allgemein","tag-alfen","tag-borchen","tag-etteln","tag-kirchborchen","tag-kommunalwahl","tag-nordborchen","tag-schloss-hamborn"],"yoast_head":"<!-- This site is optimized with the Yoast SEO plugin v27.5 - https:\/\/yoast.com\/product\/yoast-seo-wordpress\/ -->\n<title>&quot;Weil wir Borchen lieben...&quot; - FWB-KandidatInnen zur Kommunalwahl - Weil wir Borchen lieben<\/title>\n<meta name=\"robots\" content=\"index, follow, max-snippet:-1, max-image-preview:large, max-video-preview:-1\" \/>\n<link rel=\"canonical\" href=\"https:\/\/www.fwb-borchen.de\/?p=160\" \/>\n<meta property=\"og:locale\" content=\"de_DE\" \/>\n<meta property=\"og:type\" content=\"article\" \/>\n<meta property=\"og:title\" content=\"&quot;Weil wir Borchen lieben...&quot; - FWB-KandidatInnen zur Kommunalwahl - Weil wir Borchen lieben\" \/>\n<meta property=\"og:description\" content=\"Unter dem Leitgedanken \u201eweil wir Borchen lieben\u201c tritt die Freie W\u00e4hlergemeinschaft Borchen (FWB) mit 9 Frauen und 5 M\u00e4nnern zur Kommunalwahl am 13. September 2020 an. \u201eWir wollen Erneuerung f\u00fcr Borchen, sozialen Zusammenhalt sowie eine neue Gespr\u00e4chs- und Politik\u00adkultur\u201c, betonen\" \/>\n<meta property=\"og:url\" content=\"https:\/\/www.fwb-borchen.de\/?p=160\" \/>\n<meta property=\"og:site_name\" content=\"Weil wir Borchen lieben\" \/>\n<meta property=\"article:publisher\" content=\"https:\/\/www.facebook.com\/fwbborchen\" \/>\n<meta property=\"article:published_time\" content=\"2020-08-18T15:08:49+00:00\" \/>\n<meta property=\"article:modified_time\" content=\"2020-08-23T15:21:54+00:00\" \/>\n<meta property=\"og:image\" content=\"https:\/\/www.fwb-borchen.de\/wp-content\/uploads\/2020\/08\/fwb_namen_borchen-1.jpg\" \/>\n\t<meta property=\"og:image:width\" content=\"1720\" \/>\n\t<meta property=\"og:image:height\" content=\"900\" \/>\n\t<meta property=\"og:image:type\" content=\"image\/jpeg\" \/>\n<meta name=\"author\" content=\"fwbborch\" \/>\n<meta name=\"twitter:card\" content=\"summary_large_image\" \/>\n<meta name=\"twitter:label1\" content=\"Verfasst von\" \/>\n\t<meta name=\"twitter:data1\" content=\"fwbborch\" \/>\n\t<meta name=\"twitter:label2\" content=\"Gesch\u00e4tzte Lesezeit\" \/>\n\t<meta name=\"twitter:data2\" content=\"2\u00a0Minuten\" \/>\n<script type=\"application\/ld+json\" class=\"yoast-schema-graph\">{\"@context\":\"https:\\\/\\\/schema.org\",\"@graph\":[{\"@type\":\"Article\",\"@id\":\"https:\\\/\\\/www.fwb-borchen.de\\\/?p=160#article\",\"isPartOf\":{\"@id\":\"https:\\\/\\\/www.fwb-borchen.de\\\/?p=160\"},\"author\":{\"name\":\"fwbborch\",\"@id\":\"https:\\\/\\\/www.fwb-borchen.de\\\/#\\\/schema\\\/person\\\/23cece1bc69327c7f2532fea65f76532\"},\"headline\":\"&#8222;Weil wir Borchen lieben&#8230;&#8220; &#8211; FWB-KandidatInnen zur Kommunalwahl\",\"datePublished\":\"2020-08-18T15:08:49+00:00\",\"dateModified\":\"2020-08-23T15:21:54+00:00\",\"mainEntityOfPage\":{\"@id\":\"https:\\\/\\\/www.fwb-borchen.de\\\/?p=160\"},\"wordCount\":406,\"commentCount\":0,\"publisher\":{\"@id\":\"https:\\\/\\\/www.fwb-borchen.de\\\/#organization\"},\"image\":{\"@id\":\"https:\\\/\\\/www.fwb-borchen.de\\\/?p=160#primaryimage\"},\"thumbnailUrl\":\"https:\\\/\\\/i0.wp.com\\\/www.fwb-borchen.de\\\/wp-content\\\/uploads\\\/2020\\\/08\\\/fwb_namen_borchen-1.jpg?fit=1720%2C900&ssl=1\",\"keywords\":[\"Alfen\",\"Borchen\",\"Etteln\",\"Kirchborchen\",\"Kommunalwahl\",\"Nordborchen\",\"Schlo\u00df Hamborn\"],\"inLanguage\":\"de\",\"potentialAction\":[{\"@type\":\"CommentAction\",\"name\":\"Comment\",\"target\":[\"https:\\\/\\\/www.fwb-borchen.de\\\/?p=160#respond\"]}]},{\"@type\":\"WebPage\",\"@id\":\"https:\\\/\\\/www.fwb-borchen.de\\\/?p=160\",\"url\":\"https:\\\/\\\/www.fwb-borchen.de\\\/?p=160\",\"name\":\"\\\"Weil wir Borchen lieben...\\\" - FWB-KandidatInnen zur Kommunalwahl - Weil wir Borchen lieben\",\"isPartOf\":{\"@id\":\"https:\\\/\\\/www.fwb-borchen.de\\\/#website\"},\"primaryImageOfPage\":{\"@id\":\"https:\\\/\\\/www.fwb-borchen.de\\\/?p=160#primaryimage\"},\"image\":{\"@id\":\"https:\\\/\\\/www.fwb-borchen.de\\\/?p=160#primaryimage\"},\"thumbnailUrl\":\"https:\\\/\\\/i0.wp.com\\\/www.fwb-borchen.de\\\/wp-content\\\/uploads\\\/2020\\\/08\\\/fwb_namen_borchen-1.jpg?fit=1720%2C900&ssl=1\",\"datePublished\":\"2020-08-18T15:08:49+00:00\",\"dateModified\":\"2020-08-23T15:21:54+00:00\",\"breadcrumb\":{\"@id\":\"https:\\\/\\\/www.fwb-borchen.de\\\/?p=160#breadcrumb\"},\"inLanguage\":\"de\",\"potentialAction\":[{\"@type\":\"ReadAction\",\"target\":[\"https:\\\/\\\/www.fwb-borchen.de\\\/?p=160\"]}]},{\"@type\":\"ImageObject\",\"inLanguage\":\"de\",\"@id\":\"https:\\\/\\\/www.fwb-borchen.de\\\/?p=160#primaryimage\",\"url\":\"https:\\\/\\\/i0.wp.com\\\/www.fwb-borchen.de\\\/wp-content\\\/uploads\\\/2020\\\/08\\\/fwb_namen_borchen-1.jpg?fit=1720%2C900&ssl=1\",\"contentUrl\":\"https:\\\/\\\/i0.wp.com\\\/www.fwb-borchen.de\\\/wp-content\\\/uploads\\\/2020\\\/08\\\/fwb_namen_borchen-1.jpg?fit=1720%2C900&ssl=1\",\"width\":1720,\"height\":900,\"caption\":\"kandidatinnen der freien w\u00e4hlergemeinschaft borchen zur Kommunalwahl 2020\"},{\"@type\":\"BreadcrumbList\",\"@id\":\"https:\\\/\\\/www.fwb-borchen.de\\\/?p=160#breadcrumb\",\"itemListElement\":[{\"@type\":\"ListItem\",\"position\":1,\"name\":\"Startseite\",\"item\":\"https:\\\/\\\/www.fwb-borchen.de\\\/\"},{\"@type\":\"ListItem\",\"position\":2,\"name\":\"&#8222;Weil wir Borchen lieben&#8230;&#8220; &#8211; FWB-KandidatInnen zur Kommunalwahl\"}]},{\"@type\":\"WebSite\",\"@id\":\"https:\\\/\\\/www.fwb-borchen.de\\\/#website\",\"url\":\"https:\\\/\\\/www.fwb-borchen.de\\\/\",\"name\":\"Weil wir Borchen lieben\",\"description\":\"\",\"publisher\":{\"@id\":\"https:\\\/\\\/www.fwb-borchen.de\\\/#organization\"},\"potentialAction\":[{\"@type\":\"SearchAction\",\"target\":{\"@type\":\"EntryPoint\",\"urlTemplate\":\"https:\\\/\\\/www.fwb-borchen.de\\\/?s={search_term_string}\"},\"query-input\":{\"@type\":\"PropertyValueSpecification\",\"valueRequired\":true,\"valueName\":\"search_term_string\"}}],\"inLanguage\":\"de\"},{\"@type\":\"Organization\",\"@id\":\"https:\\\/\\\/www.fwb-borchen.de\\\/#organization\",\"name\":\"Freie W\u00e4hlergemeinschaft Borchen e. V.\",\"url\":\"https:\\\/\\\/www.fwb-borchen.de\\\/\",\"logo\":{\"@type\":\"ImageObject\",\"inLanguage\":\"de\",\"@id\":\"https:\\\/\\\/www.fwb-borchen.de\\\/#\\\/schema\\\/logo\\\/image\\\/\",\"url\":\"https:\\\/\\\/i0.wp.com\\\/www.fwb-borchen.de\\\/wp-content\\\/uploads\\\/2020\\\/09\\\/2020_fwb_logo.jpg?fit=176%2C65&ssl=1\",\"contentUrl\":\"https:\\\/\\\/i0.wp.com\\\/www.fwb-borchen.de\\\/wp-content\\\/uploads\\\/2020\\\/09\\\/2020_fwb_logo.jpg?fit=176%2C65&ssl=1\",\"width\":176,\"height\":65,\"caption\":\"Freie W\u00e4hlergemeinschaft Borchen e. V.\"},\"image\":{\"@id\":\"https:\\\/\\\/www.fwb-borchen.de\\\/#\\\/schema\\\/logo\\\/image\\\/\"},\"sameAs\":[\"https:\\\/\\\/www.facebook.com\\\/fwbborchen\"]},{\"@type\":\"Person\",\"@id\":\"https:\\\/\\\/www.fwb-borchen.de\\\/#\\\/schema\\\/person\\\/23cece1bc69327c7f2532fea65f76532\",\"name\":\"fwbborch\",\"image\":{\"@type\":\"ImageObject\",\"inLanguage\":\"de\",\"@id\":\"https:\\\/\\\/secure.gravatar.com\\\/avatar\\\/e1f0271a5af51a2c8f5a4185c4ee395a70fce94dfdd500fde7c1740cea4bae5b?s=96&d=mm&r=g\",\"url\":\"https:\\\/\\\/secure.gravatar.com\\\/avatar\\\/e1f0271a5af51a2c8f5a4185c4ee395a70fce94dfdd500fde7c1740cea4bae5b?s=96&d=mm&r=g\",\"contentUrl\":\"https:\\\/\\\/secure.gravatar.com\\\/avatar\\\/e1f0271a5af51a2c8f5a4185c4ee395a70fce94dfdd500fde7c1740cea4bae5b?s=96&d=mm&r=g\",\"caption\":\"fwbborch\"},\"sameAs\":[\"https:\\\/\\\/test.fwb-borchen.de\"]}]}<\/script>\n<!-- \/ Yoast SEO plugin. -->","yoast_head_json":{"title":"\"Weil wir Borchen lieben...\" - FWB-KandidatInnen zur Kommunalwahl - Weil wir Borchen lieben","robots":{"index":"index","follow":"follow","max-snippet":"max-snippet:-1","max-image-preview":"max-image-preview:large","max-video-preview":"max-video-preview:-1"},"canonical":"https:\/\/www.fwb-borchen.de\/?p=160","og_locale":"de_DE","og_type":"article","og_title":"\"Weil wir Borchen lieben...\" - FWB-KandidatInnen zur Kommunalwahl - Weil wir Borchen lieben","og_description":"Unter dem Leitgedanken \u201eweil wir Borchen lieben\u201c tritt die Freie W\u00e4hlergemeinschaft Borchen (FWB) mit 9 Frauen und 5 M\u00e4nnern zur Kommunalwahl am 13. September 2020 an. \u201eWir wollen Erneuerung f\u00fcr Borchen, sozialen Zusammenhalt sowie eine neue Gespr\u00e4chs- und Politik\u00adkultur\u201c, betonen","og_url":"https:\/\/www.fwb-borchen.de\/?p=160","og_site_name":"Weil wir Borchen lieben","article_publisher":"https:\/\/www.facebook.com\/fwbborchen","article_published_time":"2020-08-18T15:08:49+00:00","article_modified_time":"2020-08-23T15:21:54+00:00","og_image":[{"width":1720,"height":900,"url":"https:\/\/www.fwb-borchen.de\/wp-content\/uploads\/2020\/08\/fwb_namen_borchen-1.jpg","type":"image\/jpeg"}],"author":"fwbborch","twitter_card":"summary_large_image","twitter_misc":{"Verfasst von":"fwbborch","Gesch\u00e4tzte Lesezeit":"2\u00a0Minuten"},"schema":{"@context":"https:\/\/schema.org","@graph":[{"@type":"Article","@id":"https:\/\/www.fwb-borchen.de\/?p=160#article","isPartOf":{"@id":"https:\/\/www.fwb-borchen.de\/?p=160"},"author":{"name":"fwbborch","@id":"https:\/\/www.fwb-borchen.de\/#\/schema\/person\/23cece1bc69327c7f2532fea65f76532"},"headline":"&#8222;Weil wir Borchen lieben&#8230;&#8220; &#8211; FWB-KandidatInnen zur Kommunalwahl","datePublished":"2020-08-18T15:08:49+00:00","dateModified":"2020-08-23T15:21:54+00:00","mainEntityOfPage":{"@id":"https:\/\/www.fwb-borchen.de\/?p=160"},"wordCount":406,"commentCount":0,"publisher":{"@id":"https:\/\/www.fwb-borchen.de\/#organization"},"image":{"@id":"https:\/\/www.fwb-borchen.de\/?p=160#primaryimage"},"thumbnailUrl":"https:\/\/i0.wp.com\/www.fwb-borchen.de\/wp-content\/uploads\/2020\/08\/fwb_namen_borchen-1.jpg?fit=1720%2C900&ssl=1","keywords":["Alfen","Borchen","Etteln","Kirchborchen","Kommunalwahl","Nordborchen","Schlo\u00df Hamborn"],"inLanguage":"de","potentialAction":[{"@type":"CommentAction","name":"Comment","target":["https:\/\/www.fwb-borchen.de\/?p=160#respond"]}]},{"@type":"WebPage","@id":"https:\/\/www.fwb-borchen.de\/?p=160","url":"https:\/\/www.fwb-borchen.de\/?p=160","name":"\"Weil wir Borchen lieben...\" - FWB-KandidatInnen zur Kommunalwahl - Weil wir Borchen lieben","isPartOf":{"@id":"https:\/\/www.fwb-borchen.de\/#website"},"primaryImageOfPage":{"@id":"https:\/\/www.fwb-borchen.de\/?p=160#primaryimage"},"image":{"@id":"https:\/\/www.fwb-borchen.de\/?p=160#primaryimage"},"thumbnailUrl":"https:\/\/i0.wp.com\/www.fwb-borchen.de\/wp-content\/uploads\/2020\/08\/fwb_namen_borchen-1.jpg?fit=1720%2C900&ssl=1","datePublished":"2020-08-18T15:08:49+00:00","dateModified":"2020-08-23T15:21:54+00:00","breadcrumb":{"@id":"https:\/\/www.fwb-borchen.de\/?p=160#breadcrumb"},"inLanguage":"de","potentialAction":[{"@type":"ReadAction","target":["https:\/\/www.fwb-borchen.de\/?p=160"]}]},{"@type":"ImageObject","inLanguage":"de","@id":"https:\/\/www.fwb-borchen.de\/?p=160#primaryimage","url":"https:\/\/i0.wp.com\/www.fwb-borchen.de\/wp-content\/uploads\/2020\/08\/fwb_namen_borchen-1.jpg?fit=1720%2C900&ssl=1","contentUrl":"https:\/\/i0.wp.com\/www.fwb-borchen.de\/wp-content\/uploads\/2020\/08\/fwb_namen_borchen-1.jpg?fit=1720%2C900&ssl=1","width":1720,"height":900,"caption":"kandidatinnen der freien w\u00e4hlergemeinschaft borchen zur Kommunalwahl 2020"},{"@type":"BreadcrumbList","@id":"https:\/\/www.fwb-borchen.de\/?p=160#breadcrumb","itemListElement":[{"@type":"ListItem","position":1,"name":"Startseite","item":"https:\/\/www.fwb-borchen.de\/"},{"@type":"ListItem","position":2,"name":"&#8222;Weil wir Borchen lieben&#8230;&#8220; &#8211; FWB-KandidatInnen zur Kommunalwahl"}]},{"@type":"WebSite","@id":"https:\/\/www.fwb-borchen.de\/#website","url":"https:\/\/www.fwb-borchen.de\/","name":"Weil wir Borchen lieben","description":"","publisher":{"@id":"https:\/\/www.fwb-borchen.de\/#organization"},"potentialAction":[{"@type":"SearchAction","target":{"@type":"EntryPoint","urlTemplate":"https:\/\/www.fwb-borchen.de\/?s={search_term_string}"},"query-input":{"@type":"PropertyValueSpecification","valueRequired":true,"valueName":"search_term_string"}}],"inLanguage":"de"},{"@type":"Organization","@id":"https:\/\/www.fwb-borchen.de\/#organization","name":"Freie W\u00e4hlergemeinschaft Borchen e. V.","url":"https:\/\/www.fwb-borchen.de\/","logo":{"@type":"ImageObject","inLanguage":"de","@id":"https:\/\/www.fwb-borchen.de\/#\/schema\/logo\/image\/","url":"https:\/\/i0.wp.com\/www.fwb-borchen.de\/wp-content\/uploads\/2020\/09\/2020_fwb_logo.jpg?fit=176%2C65&ssl=1","contentUrl":"https:\/\/i0.wp.com\/www.fwb-borchen.de\/wp-content\/uploads\/2020\/09\/2020_fwb_logo.jpg?fit=176%2C65&ssl=1","width":176,"height":65,"caption":"Freie W\u00e4hlergemeinschaft Borchen e. V."},"image":{"@id":"https:\/\/www.fwb-borchen.de\/#\/schema\/logo\/image\/"},"sameAs":["https:\/\/www.facebook.com\/fwbborchen"]},{"@type":"Person","@id":"https:\/\/www.fwb-borchen.de\/#\/schema\/person\/23cece1bc69327c7f2532fea65f76532","name":"fwbborch","image":{"@type":"ImageObject","inLanguage":"de","@id":"https:\/\/secure.gravatar.com\/avatar\/e1f0271a5af51a2c8f5a4185c4ee395a70fce94dfdd500fde7c1740cea4bae5b?s=96&d=mm&r=g","url":"https:\/\/secure.gravatar.com\/avatar\/e1f0271a5af51a2c8f5a4185c4ee395a70fce94dfdd500fde7c1740cea4bae5b?s=96&d=mm&r=g","contentUrl":"https:\/\/secure.gravatar.com\/avatar\/e1f0271a5af51a2c8f5a4185c4ee395a70fce94dfdd500fde7c1740cea4bae5b?s=96&d=mm&r=g","caption":"fwbborch"},"sameAs":["https:\/\/test.fwb-borchen.de"]}]}},"jetpack_featured_media_url":"https:\/\/i0.wp.com\/www.fwb-borchen.de\/wp-content\/uploads\/2020\/08\/fwb_namen_borchen-1.jpg?fit=1720%2C900&ssl=1","jetpack_sharing_enabled":true,"_links":{"self":[{"href":"https:\/\/www.fwb-borchen.de\/index.php?rest_route=\/wp\/v2\/posts\/160","targetHints":{"allow":["GET"]}}],"collection":[{"href":"https:\/\/www.fwb-borchen.de\/index.php?rest_route=\/wp\/v2\/posts"}],"about":[{"href":"https:\/\/www.fwb-borchen.de\/index.php?rest_route=\/wp\/v2\/types\/post"}],"author":[{"embeddable":true,"href":"https:\/\/www.fwb-borchen.de\/index.php?rest_route=\/wp\/v2\/users\/1"}],"replies":[{"embeddable":true,"href":"https:\/\/www.fwb-borchen.de\/index.php?rest_route=%2Fwp%2Fv2%2Fcomments&post=160"}],"version-history":[{"count":1,"href":"https:\/\/www.fwb-borchen.de\/index.php?rest_route=\/wp\/v2\/posts\/160\/revisions"}],"predecessor-version":[{"id":161,"href":"https:\/\/www.fwb-borchen.de\/index.php?rest_route=\/wp\/v2\/posts\/160\/revisions\/161"}],"wp:featuredmedia":[{"embeddable":true,"href":"https:\/\/www.fwb-borchen.de\/index.php?rest_route=\/wp\/v2\/media\/163"}],"wp:attachment":[{"href":"https:\/\/www.fwb-borchen.de\/index.php?rest_route=%2Fwp%2Fv2%2Fmedia&parent=160"}],"wp:term":[{"taxonomy":"category","embeddable":true,"href":"https:\/\/www.fwb-borchen.de\/index.php?rest_route=%2Fwp%2Fv2%2Fcategories&post=160"},{"taxonomy":"post_tag","embeddable":true,"href":"https:\/\/www.fwb-borchen.de\/index.php?rest_route=%2Fwp%2Fv2%2Ftags&post=160"}],"curies":[{"name":"wp","href":"https:\/\/api.w.org\/{rel}","templated":true}]}}